{"id":97132,"date":"2025-01-29T20:36:00","date_gmt":"2025-01-29T20:36:00","guid":{"rendered":"https:\/\/tvbrazilusa.com\/2025\/01\/29\/estudante-de-nj-que-acusou-o-diretor-de-agredi-la-no-processo-de-arquivos-do-corredor\/"},"modified":"2025-01-29T20:40:30","modified_gmt":"2025-01-29T20:40:30","slug":"estudante-de-nj-que-acusou-o-diretor-de-agredi-la-no-processo-de-arquivos-do-corredor","status":"publish","type":"post","link":"https:\/\/tvbrazilusa.com\/pt\/2025\/01\/29\/estudante-de-nj-que-acusou-o-diretor-de-agredi-la-no-processo-de-arquivos-do-corredor\/","title":{"rendered":"Estudante de NJ que acusou o diretor de agredi -la no processo de arquivos do corredor"},"content":{"rendered":"<script async src=\"https:\/\/pagead2.googlesyndication.com\/pagead\/js\/adsbygoogle.js?client=ca-pub-8864793242727901\"\r\n     crossorigin=\"anonymous\"><\/script>\n<div>\n<p class=\"article__paragraph article__paragraph--left\" id=\"7JXPE2SUQJDSBE2O4FY4ZC4LRQ\">Um diretor da escola secund\u00e1ria do Condado de Essex est\u00e1 agora enfrentando um processo federal, alegando que ele discriminou racialmente o aluno que foi acusado de agredir a escola h\u00e1 dois anos.<\/p>\n<p class=\"article__paragraph article__paragraph--left\" id=\"SBPXNKPMVRGYBDNFDCQZBX3J6Q\">Frank Sanchez, o diretor da Columbia High School em South Orange-Maplewood, era <a href=\"https:\/\/www.nj.com\/education\/2024\/03\/nj-high-school-principal-arrested-for-assault.html\" target=\"_blank\">preso e acusado<\/a> Em mar\u00e7o, com o segundo grau colocando em risco o bem-estar de uma crian\u00e7a e um ataque simples ap\u00f3s um incidente com uma estudante em um corredor escolar em 2023.<\/p>\n<p class=\"article__paragraph article__paragraph--left\" id=\"DVPGIA32DVDWBODHJFBL2X5M7E\">Um Condado de Essex <a href=\"https:\/\/www.nj.com\/education\/2024\/06\/grand-jury-fails-to-indict-nj-principal-accused-of-assaulting-student-attorney-says.html\" target=\"_blank\">Grande J\u00fari se recusou a indiciar<\/a> ele em junho passado, sob a acusa\u00e7\u00e3o de segundo grau. A simples acusa\u00e7\u00e3o de agress\u00e3o foi encaminhada ao Tribunal Municipal de Maplewood e permanece pendente.<\/p>\n<p class=\"article__paragraph article__paragraph--left\" id=\"QM54XHIAYNFIRCACS5K2CN4OKE\">A m\u00e3e da menina, que agora tem 17 anos e n\u00e3o mais frequenta a escola, entrou com uma a\u00e7\u00e3o em nome de sua filha no Tribunal Distrital dos EUA na segunda -feira. O processo acusa Sanchez, o distrito, outros funcion\u00e1rios da escola e r\u00e9us sem nome de suposta discrimina\u00e7\u00e3o racial, de g\u00eanero e incapacidade.<\/p>\n<p class=\"article__paragraph article__paragraph--left\" id=\"GNHRL4HXDJHFLJ4NYSF2R2BZ3Y\">Uma porta -voz do distrito se recusou a comentar. Sanchez n\u00e3o respondeu imediatamente a um pedido de coment\u00e1rio. Nenhuma informa\u00e7\u00e3o do advogado foi listada imediatamente para os r\u00e9us.<\/p>\n<p class=\"article__paragraph article__paragraph--left\" id=\"MULHQJVLE5G7POYK52D4MA5ZDM\">&#8220;Este caso representa uma luta cr\u00edtica pelos direitos dos estudantes com defici\u00eancia&#8221;, disse James H. Davis III, advogado que representa a garota e sua m\u00e3e. &#8220;Devemos responsabilizar os distritos escolares por n\u00e3o fornecer o apoio e acomoda\u00e7\u00f5es necess\u00e1rios que esses alunos precisam prosperar&#8221;.<\/p>\n<p class=\"article__paragraph article__paragraph--left\" id=\"JBLJT7E66FA7RLTNQKOMRJVLVI\">&#8220;N\u00e3o apoiaremos enquanto nossos estudantes mais vulner\u00e1veis \u200b\u200bs\u00e3o tratados como se fossem descart\u00e1veis&#8221;, disse Davis, que tamb\u00e9m \u00e9 presidente do workshop local do grupo de advocacia Black Parents.<\/p>\n<p class=\"article__paragraph article__paragraph--left\" id=\"RDSSQGFSIFH5VISFCVIYJWXHSM\">Davis tamb\u00e9m representa um ex -membro do conselho escolar no distrito que alegou em um processo separado que outros <a href=\"https:\/\/www.nj.com\/education\/2025\/01\/i-was-defamed-during-battle-over-nj-principal-ex-school-board-member-says-in-suit.html\" target=\"_blank\">difamou -a<\/a> durante o per\u00edodo em que Sanchez foi acusado de agress\u00e3o.<\/p>\n<p class=\"article__paragraph article__paragraph--left\" id=\"BO2D6R4FK5A33E34IIJ7NGQMMQ\">Sanchez, que foi colocado em licen\u00e7a administrativa por seis meses ap\u00f3s a acusa\u00e7\u00e3o, foi <a href=\"https:\/\/www.nj.com\/education\/2024\/06\/nj-district-reappoints-high-school-principal-facing-charge-of-assaulting-student.html\" target=\"_blank\">reconduziu -se \u00e0 sua posi\u00e7\u00e3o<\/a> como diretor em junho.<\/p>\n<p class=\"article__paragraph article__paragraph--left\" id=\"FOEXW5SF7NCMFBCJ4HCS4523OQ\">O processo federal alega que os r\u00e9us violaram a lei federal e estadual, incluindo leis ao redor dos estudantes com defici\u00eancia.<\/p>\n<p class=\"article__paragraph article__paragraph--left\" id=\"ZS42XQGGW5FVBOZN33HVANQFFI\">O demandante est\u00e1 buscando al\u00edvio declarat\u00f3rio e cautelar, danos compensat\u00f3rios e punitivos e honor\u00e1rios advocat\u00edcios por falta dos r\u00e9us em fornecer uma educa\u00e7\u00e3o p\u00fablica apropriada gratuita, uso ilegal de for\u00e7a excessiva, pr\u00e1ticas discriminat\u00f3rias e difama\u00e7\u00e3o, entre outras reivindica\u00e7\u00f5es, de acordo com o processo.<\/p>\n<p class=\"article__paragraph article__paragraph--left\" id=\"Z3OX3PL3DFFSZB3F7SGX7H3LAY\">A menina tinha um programa educacional individualizado, ou IEP, mas era &#8220;raramente cumprido&#8221; pelos funcion\u00e1rios da escola, de acordo com o processo.<\/p>\n<p class=\"article__paragraph article__paragraph--left\" id=\"GQMHPKBP6ZG55PB7W2DILVWH5A\">Sanchez supostamente a agrediu quando a confrontou por supostamente intimidar outro aluno, de acordo com o processo.<\/p>\n<p class=\"article__paragraph article__paragraph--left\" id=\"M7QGPSSFSVHR7MWJUL47U7CUIA\">Outra aluna disse que Sanchez n\u00e3o &#8220;tratou garotas negras da mesma forma que branco&#8221; e discriminou racialmente os estudantes, alegou o processo.<\/p>\n<p class=\"article__paragraph article__paragraph--left\" id=\"7ZN32V7O6ZBUPINFRSP2ZADWII\">Sanchez tamb\u00e9m n\u00e3o seguiu a lei federal ou estadual, ou pol\u00edtica distrital, quando suspendeu a garota pelo incidente de mar\u00e7o de 2023, alegou o processo.<\/p>\n<p class=\"article__paragraph article__paragraph--left\" id=\"OVKZ4NCQ3NAGXD7QVGRXHT7CTI\">Tamb\u00e9m afirma &#8220;neglig\u00eancia e indiferen\u00e7a grave&#8221; de outras autoridades distritais nos meses seguintes ao incidente, o que levou a um impedimento da educa\u00e7\u00e3o e viola\u00e7\u00e3o da menina de seus direitos estaduais e federais.<\/p>\n<p class=\"article__paragraph article__paragraph--left\" id=\"LGGYNSS2U5DS5GRNEQ4X45QHIY\">O processo tamb\u00e9m alegou que os direitos de privacidade da menina foram &#8220;intencionalmente, voluntariamente e imprudentemente violados&#8221; quando v\u00e1rios membros da comunidade leem um memorando legal &#8220;confidencial&#8221; sobre ela no registro p\u00fablico em uma reuni\u00e3o do conselho escolar.<\/p>\n<section class=\"Stories-By-Author-module_wrapper__ezbcK Stories-By-Author-module_nj__Ap1-Y\"\/>\n<p class=\"article__paragraph article__paragraph--left\" id=\"JGHVM2F6VRHANBII3QFYFDBZ7Y\"><i>Nosso jornalismo precisa do seu apoio. Por favor, assine hoje o nj.com.<\/i><\/p>\n<p class=\"article__paragraph article__paragraph--left\" id=\"KJZPOJI66RBJRBBKMWWRADRHEE\"><i>Brianna Kudisch pode ser alcan\u00e7ada em <\/i><a href=\"https:\/\/www.nj.com\/education\/2025\/01\/mailto:bkudisch@njadvancemedia.com\" target=\"_blank\"><i>bkudisch@njadvancemedia.com<\/i><\/a><i>.<\/i><\/p>\n<\/div>\n<p><br \/>\n<br \/><a href=\"https:\/\/www.nj.com\/education\/2025\/01\/nj-student-who-accused-principal-of-assaulting-her-in-hallway-files-lawsuit.html\">Source link <\/a><\/p>","protected":false},"excerpt":{"rendered":"<p>Um diretor da escola secund\u00e1ria do Condado de Essex est\u00e1 agora enfrentando um processo federal, alegando que ele discriminou racialmente o aluno que foi acusado de agredir a escola h\u00e1&hellip;<\/p>","protected":false},"author":1,"featured_media":97133,"comment_status":"closed","ping_status":"open","sticky":false,"template":"","format":"standard","meta":{"content-type":"","footnotes":""},"categories":[1],"tags":[],"class_list":["post-97132","post","type-post","status-publish","format-standard","has-post-thumbnail","hentry","category-uncategorized"],"_links":{"self":[{"href":"https:\/\/tvbrazilusa.com\/pt\/wp-json\/wp\/v2\/posts\/97132","targetHints":{"allow":["GET"]}}],"collection":[{"href":"https:\/\/tvbrazilusa.com\/pt\/wp-json\/wp\/v2\/posts"}],"about":[{"href":"https:\/\/tvbrazilusa.com\/pt\/wp-json\/wp\/v2\/types\/post"}],"author":[{"embeddable":true,"href":"https:\/\/tvbrazilusa.com\/pt\/wp-json\/wp\/v2\/users\/1"}],"replies":[{"embeddable":true,"href":"https:\/\/tvbrazilusa.com\/pt\/wp-json\/wp\/v2\/comments?post=97132"}],"version-history":[{"count":1,"href":"https:\/\/tvbrazilusa.com\/pt\/wp-json\/wp\/v2\/posts\/97132\/revisions"}],"predecessor-version":[{"id":97134,"href":"https:\/\/tvbrazilusa.com\/pt\/wp-json\/wp\/v2\/posts\/97132\/revisions\/97134"}],"wp:featuredmedia":[{"embeddable":true,"href":"https:\/\/tvbrazilusa.com\/pt\/wp-json\/wp\/v2\/media\/97133"}],"wp:attachment":[{"href":"https:\/\/tvbrazilusa.com\/pt\/wp-json\/wp\/v2\/media?parent=97132"}],"wp:term":[{"taxonomy":"category","embeddable":true,"href":"https:\/\/tvbrazilusa.com\/pt\/wp-json\/wp\/v2\/categories?post=97132"},{"taxonomy":"post_tag","embeddable":true,"href":"https:\/\/tvbrazilusa.com\/pt\/wp-json\/wp\/v2\/tags?post=97132"}],"curies":[{"name":"wp","href":"https:\/\/api.w.org\/{rel}","templated":true}]}}