{"id":97138,"date":"2025-01-29T20:37:17","date_gmt":"2025-01-29T20:37:17","guid":{"rendered":"https:\/\/tvbrazilusa.com\/2025\/01\/29\/os-membros-do-conselho-salem-diamond-apresentando-bill-expressando-falta-de-fe-no-principal-advogado-da-cidade-jacksonville-hoje\/"},"modified":"2025-01-29T20:46:46","modified_gmt":"2025-01-29T20:46:46","slug":"os-membros-do-conselho-salem-diamond-apresentando-bill-expressando-falta-de-fe-no-principal-advogado-da-cidade-jacksonville-hoje","status":"publish","type":"post","link":"https:\/\/tvbrazilusa.com\/pt\/2025\/01\/29\/os-membros-do-conselho-salem-diamond-apresentando-bill-expressando-falta-de-fe-no-principal-advogado-da-cidade-jacksonville-hoje\/","title":{"rendered":"Os membros do conselho Salem, Diamond, apresentando Bill expressando falta de f\u00e9 no principal advogado da cidade | Jacksonville hoje"},"content":{"rendered":"<p> <script async src=\"https:\/\/pagead2.googlesyndication.com\/pagead\/js\/adsbygoogle.js?client=ca-pub-8864793242727901\"\r\n     crossorigin=\"anonymous\"><\/script><br \/>\n<\/p>\n<div>\n<p id=\"h753720-p1\">Dizendo que o principal advogado da cidade de Jacksonville mostrou &#8220;uma prefer\u00eancia inaceit\u00e1vel de abordar e apoiar os desejos do poder executivo&#8221;, dois membros do Conselho da Cidade de Jacksonville apresentaram legisla\u00e7\u00e3o expressando falta de confian\u00e7a no advogado.<\/p>\n<p id=\"h753720-p2\">A Resolu\u00e7\u00e3o 2025-0081, introduzida pelos membros Ron Salem e Rory Diamond, afirma que o conselho carece de f\u00e9 no consultor geral Michael Fackler para continuar a liderar o escrit\u00f3rio.<\/p>\n<p id=\"h753720-p3\">Horas antes da introdu\u00e7\u00e3o programada da resolu\u00e7\u00e3o na reuni\u00e3o do conselho de 28 de janeiro, a prefeita Donna Deegan emitiu um comunicado \u00e0 imprensa expressando confian\u00e7a em Fackler.<\/p>\n<p><a href=\"https:\/\/www.jaxdailyrecord.com\/news\/2025\/jan\/29\/council-members-salem-diamond-introduce-bill-expressing-lack-of-faith-in-citys-lead-attorney\/\" rel=\"nofollow noopener\" target=\"_blank\">Leia o resto desta hist\u00f3ria de <em>Jacksonville hoje<\/em> Parceiro de not\u00edcias O <em>Jacksonville Daily Record<\/em>. <\/a><\/p>\n<\/div>\n<p><br \/>\n<br \/><a href=\"https:\/\/jaxtoday.org\/2025\/01\/29\/council-members-salem-diamond-introduce-bill-expressing-lack-of-faith-in-citys-lead-attorney\/\">Source link <\/a><\/p>","protected":false},"excerpt":{"rendered":"<p>Dizendo que o principal advogado da cidade de Jacksonville mostrou &#8220;uma prefer\u00eancia inaceit\u00e1vel de abordar e apoiar os desejos do poder executivo&#8221;, dois membros do Conselho da Cidade de Jacksonville&hellip;<\/p>","protected":false},"author":1,"featured_media":97139,"comment_status":"closed","ping_status":"open","sticky":false,"template":"","format":"standard","meta":{"content-type":"","footnotes":""},"categories":[1],"tags":[],"class_list":["post-97138","post","type-post","status-publish","format-standard","has-post-thumbnail","hentry","category-uncategorized"],"_links":{"self":[{"href":"https:\/\/tvbrazilusa.com\/pt\/wp-json\/wp\/v2\/posts\/97138","targetHints":{"allow":["GET"]}}],"collection":[{"href":"https:\/\/tvbrazilusa.com\/pt\/wp-json\/wp\/v2\/posts"}],"about":[{"href":"https:\/\/tvbrazilusa.com\/pt\/wp-json\/wp\/v2\/types\/post"}],"author":[{"embeddable":true,"href":"https:\/\/tvbrazilusa.com\/pt\/wp-json\/wp\/v2\/users\/1"}],"replies":[{"embeddable":true,"href":"https:\/\/tvbrazilusa.com\/pt\/wp-json\/wp\/v2\/comments?post=97138"}],"version-history":[{"count":1,"href":"https:\/\/tvbrazilusa.com\/pt\/wp-json\/wp\/v2\/posts\/97138\/revisions"}],"predecessor-version":[{"id":97140,"href":"https:\/\/tvbrazilusa.com\/pt\/wp-json\/wp\/v2\/posts\/97138\/revisions\/97140"}],"wp:featuredmedia":[{"embeddable":true,"href":"https:\/\/tvbrazilusa.com\/pt\/wp-json\/wp\/v2\/media\/97139"}],"wp:attachment":[{"href":"https:\/\/tvbrazilusa.com\/pt\/wp-json\/wp\/v2\/media?parent=97138"}],"wp:term":[{"taxonomy":"category","embeddable":true,"href":"https:\/\/tvbrazilusa.com\/pt\/wp-json\/wp\/v2\/categories?post=97138"},{"taxonomy":"post_tag","embeddable":true,"href":"https:\/\/tvbrazilusa.com\/pt\/wp-json\/wp\/v2\/tags?post=97138"}],"curies":[{"name":"wp","href":"https:\/\/api.w.org\/{rel}","templated":true}]}}