{"id":97144,"date":"2025-01-29T21:11:19","date_gmt":"2025-01-29T21:11:19","guid":{"rendered":"https:\/\/tvbrazilusa.com\/2025\/01\/29\/elon-musk-confronta-o-lider-do-maior-fundo-soberano-do-planeta\/"},"modified":"2025-01-29T21:11:21","modified_gmt":"2025-01-29T21:11:21","slug":"elon-musk-confronta-o-lider-do-maior-fundo-soberano-do-planeta","status":"publish","type":"post","link":"https:\/\/tvbrazilusa.com\/pt\/2025\/01\/29\/elon-musk-confronta-o-lider-do-maior-fundo-soberano-do-planeta\/","title":{"rendered":"Elon Musk confronta o l\u00edder do maior fundo soberano do planeta"},"content":{"rendered":"<p> <script async src=\"https:\/\/pagead2.googlesyndication.com\/pagead\/js\/adsbygoogle.js?client=ca-pub-8864793242727901\"\r\n     crossorigin=\"anonymous\"><\/script><br \/>\n<\/p>\n<div id=\"taboola-read-more\" style=\"display:block; width:100%\">\n<p>O homem mais rico do mundo, o bilion\u00e1rio Elon Musk, entrou em conflito com o noruegu\u00eas Nicolai Tangen, chefe do maior fundo soberano do planeta. A discuss\u00e3o ocorreu ap\u00f3s o executivo se opor \u00e0 remunera\u00e7\u00e3o de aproximadamente 50 bilh\u00f5es de d\u00f3lares (R$ 294 bilh\u00f5es, na cota\u00e7\u00e3o atual), conforme revelou uma troca de mensagens publicada nesta ter\u00e7a-feira, 28.\n<\/p>\n<p>As rela\u00e7\u00f5es entre os dois ficaram tensas desde que o fundo soberano da Noruega, acionista da Tesla, votou em junho contra o enorme &#8220;pacote salarial&#8221; de 50 bilh\u00f5es de d\u00f3lares para Musk, que acabou sendo aprovado. Em outubro, o bilion\u00e1rio recusou um convite de Tangen para participar de uma confer\u00eancia de investidores e um jantar privado em Oslo, citando o custo da viagem.<\/p>\n<p>O americano, por\u00e9m, havia sugerido inicialmente que aceitaria a oferta do noruegu\u00eas. \u201cQuando eu pe\u00e7o um favor, o que \u00e9 muito raro, e voc\u00ea recusa, voc\u00ea n\u00e3o deve me pedir outro at\u00e9 que tenha feito algo para compensar\u201d, disse Musk em uma mensagem de texto datada de 14 de outubro. \u201cAmigos s\u00e3o julgados por suas a\u00e7\u00f5es\u201d, escreveu ele.\n<\/p>\n<p>Troca de mensagens foi divulgada por transpar\u00eancia<br \/>No dia seguinte, Tangen respondeu: \u201cTomo nota e entendo completamente. Como grande acionista, te apoiamos. Boa sorte com tudo\u201d. O di\u00e1logo foi tornado p\u00fablico pelo fundo noruegu\u00eas em prol da transpar\u00eancia, conforme explicou sua porta-voz, Line Aaltvedt, ao e24.no, ve\u00edculo respons\u00e1vel pela not\u00edcia.\n<\/p>\n<p>\u201cComo se pode ver nas mensagens de texto, o di\u00e1logo estava parcialmente relacionado ao nosso voto na Tesla, onde votamos &#8216;n\u00e3o&#8217; ao pacote salarial de Elon Musk\u201d, disse Aaltvedt em e-mail.\n<\/p>\n<p>Fundo noruegu\u00eas e participa\u00e7\u00e3o na Tesla<br \/>O fundo, avaliado em mais de 20 trilh\u00f5es de coroas (1,771 trilh\u00e3o de euros ou 10,8 trilh\u00f5es de reais), detinha no final de junho uma participa\u00e7\u00e3o de 0,95% na Tesla. Essa fatia era avaliada em quase 6 bilh\u00f5es de d\u00f3lares (R$ 33,3 bilh\u00f5es, na cota\u00e7\u00e3o da \u00e9poca), de acordo com os \u00faltimos dados dispon\u00edveis.\n<\/p>\n<p>Fonte: Exame              <\/p>\n<\/div>\n<p><br \/>\n<br \/><a href=\"https:\/\/diariodobrasilnoticias.com.br\/noticia\/elon-musk-confronta-o-lider-do-maior-fundo-soberano-do-planeta-679a76eec43ab\">Source link <\/a><\/p>","protected":false},"excerpt":{"rendered":"<p>O homem mais rico do mundo, o bilion\u00e1rio Elon Musk, entrou em conflito com o noruegu\u00eas Nicolai Tangen, chefe do maior fundo soberano do planeta. A discuss\u00e3o ocorreu ap\u00f3s o&hellip;<\/p>","protected":false},"author":1,"featured_media":97145,"comment_status":"closed","ping_status":"open","sticky":false,"template":"","format":"standard","meta":{"content-type":"","footnotes":""},"categories":[16],"tags":[123,2448,5313,1267],"class_list":["post-97144","post","type-post","status-publish","format-standard","has-post-thumbnail","hentry","category-noticias","tag-brasil","tag-diario","tag-noticia","tag-noticias"],"_links":{"self":[{"href":"https:\/\/tvbrazilusa.com\/pt\/wp-json\/wp\/v2\/posts\/97144","targetHints":{"allow":["GET"]}}],"collection":[{"href":"https:\/\/tvbrazilusa.com\/pt\/wp-json\/wp\/v2\/posts"}],"about":[{"href":"https:\/\/tvbrazilusa.com\/pt\/wp-json\/wp\/v2\/types\/post"}],"author":[{"embeddable":true,"href":"https:\/\/tvbrazilusa.com\/pt\/wp-json\/wp\/v2\/users\/1"}],"replies":[{"embeddable":true,"href":"https:\/\/tvbrazilusa.com\/pt\/wp-json\/wp\/v2\/comments?post=97144"}],"version-history":[{"count":1,"href":"https:\/\/tvbrazilusa.com\/pt\/wp-json\/wp\/v2\/posts\/97144\/revisions"}],"predecessor-version":[{"id":97146,"href":"https:\/\/tvbrazilusa.com\/pt\/wp-json\/wp\/v2\/posts\/97144\/revisions\/97146"}],"wp:featuredmedia":[{"embeddable":true,"href":"https:\/\/tvbrazilusa.com\/pt\/wp-json\/wp\/v2\/media\/97145"}],"wp:attachment":[{"href":"https:\/\/tvbrazilusa.com\/pt\/wp-json\/wp\/v2\/media?parent=97144"}],"wp:term":[{"taxonomy":"category","embeddable":true,"href":"https:\/\/tvbrazilusa.com\/pt\/wp-json\/wp\/v2\/categories?post=97144"},{"taxonomy":"post_tag","embeddable":true,"href":"https:\/\/tvbrazilusa.com\/pt\/wp-json\/wp\/v2\/tags?post=97144"}],"curies":[{"name":"wp","href":"https:\/\/api.w.org\/{rel}","templated":true}]}}