{"id":97177,"date":"2025-01-29T22:41:34","date_gmt":"2025-01-29T22:41:34","guid":{"rendered":"https:\/\/tvbrazilusa.com\/2025\/01\/29\/urgente-reuniao-da-celac-para-discutir-medidas-contra-trump-e-cancelada\/"},"modified":"2025-01-29T22:41:36","modified_gmt":"2025-01-29T22:41:36","slug":"urgente-reuniao-da-celac-para-discutir-medidas-contra-trump-e-cancelada","status":"publish","type":"post","link":"https:\/\/tvbrazilusa.com\/pt\/2025\/01\/29\/urgente-reuniao-da-celac-para-discutir-medidas-contra-trump-e-cancelada\/","title":{"rendered":"URGENTE: Reuni\u00e3o da CELAC para discutir medidas contra Trump \u00e9 cancelada"},"content":{"rendered":"<p> <script async src=\"https:\/\/pagead2.googlesyndication.com\/pagead\/js\/adsbygoogle.js?client=ca-pub-8864793242727901\"\r\n     crossorigin=\"anonymous\"><\/script><br \/>\n<\/p>\n<div id=\"taboola-read-more\" style=\"display:block; width:100%\">\n<p>A presidente de Honduras, Iris Xiomara Castro de Zelaya, informou nesta quarta-feira (29) ter cancelado a reuni\u00e3o dos pa\u00edses que formam a Celac (Comunidade de Estados Latino-Americanos e Caribenhos), para debater diversos temas, entre eles a imigra\u00e7\u00e3o.\n<\/p>\n<p>O encontro entre as na\u00e7\u00f5es estava previsto para quinta-feira (30). De acordo com a chefe de Estado, o cancelamento ocorre por \u201cfalta de consenso\u201d.<\/p>\n<p>\u201c\u00c9 importante destacar e reiterar que a CELAC, como mecanismo representativo de consulta pol\u00edtica, coopera\u00e7\u00e3o e integra\u00e7\u00e3o dos Estados latino-americanos e caribenhos, s\u00f3 adota decis\u00f5es por consenso. E Honduras incentivaram o cumprimento de objetivos comuns para alcan\u00e7ar a integra\u00e7\u00e3o e a unidade regionais, incluindo a coopera\u00e7\u00e3o entre os pa\u00edses membros frente a frente com outros pa\u00edses, blocos de pa\u00edses ou atores internacionais\u201d, disse Xiomara.\n<\/p>\n<p>A reuni\u00e3o havia sido marcada ap\u00f3s o embate entre Donald Trump e Gustavo Petro. Isso porque os Estados Unidos deportaram dezenas de colombianos em voo, com algemas. A medida n\u00e3o foi bem-recebida pela Col\u00f4mbia, que n\u00e3o aceitou a aeronave. O epis\u00f3dio fez com que o Trump anunciasse diversas san\u00e7\u00f5es contra o pa\u00eds sul-americano. E o mesmo foi feito contra os EUA.\n<\/p>\n<p>Petro, ent\u00e3o, solicitou um encontro dos pa\u00edses latinos para discutir a quest\u00e3o imigrat\u00f3ria, com \u00eanfase nas decis\u00f5es de Trump. O pedido foi atendido por Honduras, que preside a Celac de forma tempor\u00e1ria. A reuni\u00e3o tinha car\u00e1ter de urg\u00eancia e seria realizada na capital Tegucigalpa. Entre os itens da pauta, est\u00e3o migra\u00e7\u00e3o, meio ambiente e unidade latino-americana e caribenha. Todos os presidentes e chefes de Estado que comp\u00f5em a comunidade foram convidados.\n<\/p>\n<p>O presidente Luiz In\u00e1cio Lula da Silva ainda n\u00e3o tinha confirmado se prticiparia presencialmente ou por v\u00eddeo. Nas redes sociais, a presidente de Honduras afirmou que as deporta\u00e7\u00f5es de cidad\u00e3os s\u00e3o uma preocupa\u00e7\u00e3o, \u201cque deve ser abordada com objetividade e responsabilidade\u201d. Em nota, Xiomara afirma que vai continuar buscando consenso.\n<\/p>\n<p>Celac<br \/>A Celac \u00e9 formada pelos seguintes pa\u00edses: Ant\u00edgua e Barbuda, Argentina, Bahamas, Barbados, Belize, Bol\u00edvia, Brasil, Chile, Col\u00f4mbia, Costa Rica, Cuba, Dominica, Equador, El Salvador, Granada, Guatemala, Guiana, Honduras, Jamaica, M\u00e9xico, Nicar\u00e1gua, Panam\u00e1, Paraguai, Peru, Rep\u00fablica Dominicana, Santa L\u00facia, Ilha de S\u00e3o Crist\u00f3v\u00e3o e Nevis, S\u00e3o Vicente e Granadina, Trindade e Tobago, Uruguai e Venezuela.\n<\/p>\n<p>O retorno \u00e0 Celac foi o primeiro ato de pol\u00edtica externa de o presidente Luiz In\u00e1cio Lula da Silva, desde que assumiu o terceiro mandato \u00e0 frente do Pal\u00e1cio do Planalto. A medida foi comunicada aos demais pa\u00edses do bloco em janeiro de 2023. O Brasil tinha sa\u00eddo desse f\u00f3rum em 2019, na gest\u00e3o de Jair Bolsonaro (PL). Agora, o espa\u00e7o \u00e9 usado para dar for\u00e7a aos pa\u00edses da regi\u00e3o sul-americana e caribenha.\n<\/p>\n<p>De acordo com o site do grupo, o objetivo \u00e9 promover a integra\u00e7\u00e3o regional, desenvolvimento sustent\u00e1vel e coopera\u00e7\u00e3o pol\u00edtica. \u201cPosicionar a regi\u00e3o para eventos de \u00e2mbito internacional, promover di\u00e1logo com outros Estados e organiza\u00e7\u00f5es regionais, promover institui\u00e7\u00f5es para coopera\u00e7\u00e3o e comunica\u00e7\u00e3o entre organiza\u00e7\u00f5es\u201d, diz trecho.\n<\/p>\n<p>Fonte: R7              <\/p>\n<\/div>\n<p><br \/>\n<br \/><a href=\"https:\/\/diariodobrasilnoticias.com.br\/noticia\/urgente-reuniao-da-celac-para-discutir-medidas-contra-trump-e-cancelada-679a7ffdb11c6\">Source link <\/a><\/p>","protected":false},"excerpt":{"rendered":"<p>A presidente de Honduras, Iris Xiomara Castro de Zelaya, informou nesta quarta-feira (29) ter cancelado a reuni\u00e3o dos pa\u00edses que formam a Celac (Comunidade de Estados Latino-Americanos e Caribenhos), para&hellip;<\/p>","protected":false},"author":1,"featured_media":97178,"comment_status":"closed","ping_status":"open","sticky":false,"template":"","format":"standard","meta":{"content-type":"","footnotes":""},"categories":[16],"tags":[123,2448,5313,1267],"class_list":["post-97177","post","type-post","status-publish","format-standard","has-post-thumbnail","hentry","category-noticias","tag-brasil","tag-diario","tag-noticia","tag-noticias"],"_links":{"self":[{"href":"https:\/\/tvbrazilusa.com\/pt\/wp-json\/wp\/v2\/posts\/97177","targetHints":{"allow":["GET"]}}],"collection":[{"href":"https:\/\/tvbrazilusa.com\/pt\/wp-json\/wp\/v2\/posts"}],"about":[{"href":"https:\/\/tvbrazilusa.com\/pt\/wp-json\/wp\/v2\/types\/post"}],"author":[{"embeddable":true,"href":"https:\/\/tvbrazilusa.com\/pt\/wp-json\/wp\/v2\/users\/1"}],"replies":[{"embeddable":true,"href":"https:\/\/tvbrazilusa.com\/pt\/wp-json\/wp\/v2\/comments?post=97177"}],"version-history":[{"count":1,"href":"https:\/\/tvbrazilusa.com\/pt\/wp-json\/wp\/v2\/posts\/97177\/revisions"}],"predecessor-version":[{"id":97179,"href":"https:\/\/tvbrazilusa.com\/pt\/wp-json\/wp\/v2\/posts\/97177\/revisions\/97179"}],"wp:featuredmedia":[{"embeddable":true,"href":"https:\/\/tvbrazilusa.com\/pt\/wp-json\/wp\/v2\/media\/97178"}],"wp:attachment":[{"href":"https:\/\/tvbrazilusa.com\/pt\/wp-json\/wp\/v2\/media?parent=97177"}],"wp:term":[{"taxonomy":"category","embeddable":true,"href":"https:\/\/tvbrazilusa.com\/pt\/wp-json\/wp\/v2\/categories?post=97177"},{"taxonomy":"post_tag","embeddable":true,"href":"https:\/\/tvbrazilusa.com\/pt\/wp-json\/wp\/v2\/tags?post=97177"}],"curies":[{"name":"wp","href":"https:\/\/api.w.org\/{rel}","templated":true}]}}