{"id":97183,"date":"2025-01-29T22:56:12","date_gmt":"2025-01-29T22:56:12","guid":{"rendered":"https:\/\/tvbrazilusa.com\/2025\/01\/29\/vandalos-roubam-bicicletas-do-itau-no-rio-veja-video\/"},"modified":"2025-01-29T22:56:17","modified_gmt":"2025-01-29T22:56:17","slug":"vandalos-roubam-bicicletas-do-itau-no-rio-veja-video","status":"publish","type":"post","link":"https:\/\/tvbrazilusa.com\/pt\/2025\/01\/29\/vandalos-roubam-bicicletas-do-itau-no-rio-veja-video\/","title":{"rendered":"V\u00e2ndalos roubam bicicletas do Ita\u00fa no Rio; VEJA V\u00cdDEO"},"content":{"rendered":"<p> <script async src=\"https:\/\/pagead2.googlesyndication.com\/pagead\/js\/adsbygoogle.js?client=ca-pub-8864793242727901\"\r\n     crossorigin=\"anonymous\"><\/script><br \/>\n<\/p>\n<div id=\"taboola-read-more\" style=\"display:block; width:100%\">\n<p>V\u00e2ndalos roubam bicicletas do Ita\u00fa no Arpoador enquanto funcion\u00e1rio as reabastecia<\/p>\n<p>Na manh\u00e3 de hoje, no Arpoador, Zona Sul do Rio, v\u00e2ndalos foram flagrados pegando bicicletas do sistema de compartilhamento Ita\u00fa enquanto um funcion\u00e1rio realizava a reposi\u00e7\u00e3o dos ve\u00edculos.<\/p>\n<p>Moradores e frequentadores da \u00e1rea ficaram indignados com a cena, que gerou grande repercuss\u00e3o nas redes sociais.<\/p>\n<p>As autoridades ainda n\u00e3o comentaram o caso, mas o epis\u00f3dio refor\u00e7a as preocupa\u00e7\u00f5es com vandalismo e seguran\u00e7a nos servi\u00e7os p\u00fablicos e privados na regi\u00e3o.\n<\/p>\n<p><strong>ASSISTA:<\/strong><\/p>\n<p>Fonte: @portalclickrio \/ Instagram              <\/p>\n<\/div>\n<p><br \/>\n<br \/><a href=\"https:\/\/diariodobrasilnoticias.com.br\/noticia\/vandalos-roubam-bicicletas-do-itau-no-rio-veja-video-679a92f73b239\">Source link <\/a><\/p>","protected":false},"excerpt":{"rendered":"<p>V\u00e2ndalos roubam bicicletas do Ita\u00fa no Arpoador enquanto funcion\u00e1rio as reabastecia Na manh\u00e3 de hoje, no Arpoador, Zona Sul do Rio, v\u00e2ndalos foram flagrados pegando bicicletas do sistema de compartilhamento&hellip;<\/p>","protected":false},"author":1,"featured_media":97184,"comment_status":"closed","ping_status":"open","sticky":false,"template":"","format":"standard","meta":{"content-type":"","footnotes":""},"categories":[16],"tags":[123,2448,5313,1267],"class_list":["post-97183","post","type-post","status-publish","format-standard","has-post-thumbnail","hentry","category-noticias","tag-brasil","tag-diario","tag-noticia","tag-noticias"],"_links":{"self":[{"href":"https:\/\/tvbrazilusa.com\/pt\/wp-json\/wp\/v2\/posts\/97183","targetHints":{"allow":["GET"]}}],"collection":[{"href":"https:\/\/tvbrazilusa.com\/pt\/wp-json\/wp\/v2\/posts"}],"about":[{"href":"https:\/\/tvbrazilusa.com\/pt\/wp-json\/wp\/v2\/types\/post"}],"author":[{"embeddable":true,"href":"https:\/\/tvbrazilusa.com\/pt\/wp-json\/wp\/v2\/users\/1"}],"replies":[{"embeddable":true,"href":"https:\/\/tvbrazilusa.com\/pt\/wp-json\/wp\/v2\/comments?post=97183"}],"version-history":[{"count":1,"href":"https:\/\/tvbrazilusa.com\/pt\/wp-json\/wp\/v2\/posts\/97183\/revisions"}],"predecessor-version":[{"id":97185,"href":"https:\/\/tvbrazilusa.com\/pt\/wp-json\/wp\/v2\/posts\/97183\/revisions\/97185"}],"wp:featuredmedia":[{"embeddable":true,"href":"https:\/\/tvbrazilusa.com\/pt\/wp-json\/wp\/v2\/media\/97184"}],"wp:attachment":[{"href":"https:\/\/tvbrazilusa.com\/pt\/wp-json\/wp\/v2\/media?parent=97183"}],"wp:term":[{"taxonomy":"category","embeddable":true,"href":"https:\/\/tvbrazilusa.com\/pt\/wp-json\/wp\/v2\/categories?post=97183"},{"taxonomy":"post_tag","embeddable":true,"href":"https:\/\/tvbrazilusa.com\/pt\/wp-json\/wp\/v2\/tags?post=97183"}],"curies":[{"name":"wp","href":"https:\/\/api.w.org\/{rel}","templated":true}]}}