{"id":97189,"date":"2025-01-29T23:23:54","date_gmt":"2025-01-29T23:23:54","guid":{"rendered":"https:\/\/tvbrazilusa.com\/2025\/01\/29\/servidores-do-ibge-denunciam-uso-de-propaganda-politica-em-publicacao-oficial\/"},"modified":"2025-01-29T23:23:55","modified_gmt":"2025-01-29T23:23:55","slug":"servidores-do-ibge-denunciam-uso-de-propaganda-politica-em-publicacao-oficial","status":"publish","type":"post","link":"https:\/\/tvbrazilusa.com\/pt\/2025\/01\/29\/servidores-do-ibge-denunciam-uso-de-propaganda-politica-em-publicacao-oficial\/","title":{"rendered":"Servidores do IBGE denunciam uso de propaganda pol\u00edtica em publica\u00e7\u00e3o oficial"},"content":{"rendered":"<p> <script async src=\"https:\/\/pagead2.googlesyndication.com\/pagead\/js\/adsbygoogle.js?client=ca-pub-8864793242727901\"\r\n     crossorigin=\"anonymous\"><\/script><br \/>\n<\/p>\n<div id=\"taboola-read-more\" style=\"display:block; width:100%\">\n<p>T\u00e9cnicos do Instituto Brasileiro de Geografia e Estat\u00edstica (IBGE) assinaram uma carta em que denuncia o que seria propaganda pol\u00edtica em uma publica\u00e7\u00e3o oficial do \u00f3rg\u00e3o. O levantamento anual \u201cBrasil em N\u00fameros 2024\u201d foi lan\u00e7ado nesta ter\u00e7a (28) e, segundo os servidores, cont\u00e9m informa\u00e7\u00f5es com vi\u00e9s pol\u00edtico ao estado de Pernambuco.\n<\/p>\n<p>O estado \u00e9 governado por Raquel Lyra (PSDB), uma das poucas integrantes do partido que declarou boas rela\u00e7\u00f5es com o governo do presidente Luiz In\u00e1cio Lula da Silva (PT), e que est\u00e1 sendo cortejada a migrar para o PSD, que faz parte da base governista.<\/p>\n<p>Segundo a carta assinada por dois gerentes do IBGE, Ana Raquel Gomes da Silva e Leonardo Ferreira Martins, e que a Folha de S. Paulo teve acesso, a publica\u00e7\u00e3o estaria em desacordo com as boas pr\u00e1ticas institucionais e comprometeria a imparcialidade do instituto.\n<\/p>\n<p>O trecho contestado pelos servidores trata especificamente das defici\u00eancias de habita\u00e7\u00e3o e saneamento b\u00e1sico do Nordeste, mas com uma melhora tocada pelo governo de Pernambuco.\n<\/p>\n<p>\u201cO Brasil em N\u00fameros, do ano passado, revelou, por exemplo, que o Nordeste \u00e9 a segunda regi\u00e3o com o maior d\u00e9ficit habitacional do Pa\u00eds e lidera o n\u00famero de casas sem abastecimento de \u00e1gua. O Governo do Estado de Pernambuco tem resolvido esse d\u00e9ficit com as a\u00e7\u00f5es do Programa Morar Bem, a maior pol\u00edtica habitacional da hist\u00f3ria do estado. Uma de suas modalidades, o Reforma no Lar, realiza servi\u00e7os de engenharia e arquitetura nas resid\u00eancias localizadas em lugares vulner\u00e1veis, como os morros e as encostas\u201d, aponta trecho do pref\u00e1cio assinado por Raquel Lyra (veja na \u00edntegra).\n<\/p>\n<p>Os servidores denunciam que a inclus\u00e3o do texto caracteriza propaganda pol\u00edtica dentro de um material que deveria manter neutralidade t\u00e9cnica. De acordo com eles, a publica\u00e7\u00e3o costuma trazer textos, por exemplo, de acad\u00eamicos, e n\u00e3o de cunho pol\u00edtico.\n<\/p>\n<p>\u201cConte\u00fados de tal natureza, caracter\u00edsticos de campanhas eleitorais, n\u00e3o se coadunam com a neutralidade t\u00e9cnica que deve nortear a produ\u00e7\u00e3o editorial do IBGE, sobretudo em uma publica\u00e7\u00e3o com abrang\u00eancia geogr\u00e1fica nacional\u201d, diz o documento. A apura\u00e7\u00e3o procurou o IBGE e o governo de Pernambuco, mas sem resposta at\u00e9 a publica\u00e7\u00e3o.\n<\/p>\n<p>Ainda de acordo com os servidores, o anu\u00e1rio consta uma nota informando que as opini\u00f5es expressas s\u00e3o de responsabilidade dos autores, mas os t\u00e9cnicos argumentam que isso n\u00e3o justifica a inclus\u00e3o in\u00e9dita de um texto com car\u00e1ter pol\u00edtico.\n<\/p>\n<p>A contesta\u00e7\u00e3o ressalta que a Ger\u00eancia de Editora\u00e7\u00e3o e a Ger\u00eancia de Sistematiza\u00e7\u00e3o de Conte\u00fados Informacionais j\u00e1 haviam alertado, ainda em novembro, sobre a inadequa\u00e7\u00e3o do material.\n<\/p>\n<p>\u201cEm face, por\u00e9m, da solene indiferen\u00e7a \u00e0s argumenta\u00e7\u00f5es t\u00e9cnicas de ambas as \u00e1reas quanto \u00e0 conota\u00e7\u00e3o pol\u00edtica do pref\u00e1cio hoje [ter\u00e7a] divulgado, restou-nos apenas este espa\u00e7o [carta] em que nos manifestamos para alertar sobre os riscos decorrentes da quebra do princ\u00edpio da impessoalidade e da perda de autonomia t\u00e9cnica no trabalho, ora vivenciados\u201d, afirmam os servidores.\n<\/p>\n<p>Fonte: Gazeta do Povo              <\/p>\n<\/div>\n<p><br \/>\n<br \/><a href=\"https:\/\/diariodobrasilnoticias.com.br\/noticia\/servidores-do-ibge-denunciam-uso-de-propaganda-politica-em-publicacao-oficial-679a94c0c56ca\">Source link <\/a><\/p>","protected":false},"excerpt":{"rendered":"<p>T\u00e9cnicos do Instituto Brasileiro de Geografia e Estat\u00edstica (IBGE) assinaram uma carta em que denuncia o que seria propaganda pol\u00edtica em uma publica\u00e7\u00e3o oficial do \u00f3rg\u00e3o. O levantamento anual \u201cBrasil&hellip;<\/p>","protected":false},"author":1,"featured_media":97190,"comment_status":"closed","ping_status":"open","sticky":false,"template":"","format":"standard","meta":{"content-type":"","footnotes":""},"categories":[16],"tags":[123,2448,5313,1267],"class_list":["post-97189","post","type-post","status-publish","format-standard","has-post-thumbnail","hentry","category-noticias","tag-brasil","tag-diario","tag-noticia","tag-noticias"],"_links":{"self":[{"href":"https:\/\/tvbrazilusa.com\/pt\/wp-json\/wp\/v2\/posts\/97189","targetHints":{"allow":["GET"]}}],"collection":[{"href":"https:\/\/tvbrazilusa.com\/pt\/wp-json\/wp\/v2\/posts"}],"about":[{"href":"https:\/\/tvbrazilusa.com\/pt\/wp-json\/wp\/v2\/types\/post"}],"author":[{"embeddable":true,"href":"https:\/\/tvbrazilusa.com\/pt\/wp-json\/wp\/v2\/users\/1"}],"replies":[{"embeddable":true,"href":"https:\/\/tvbrazilusa.com\/pt\/wp-json\/wp\/v2\/comments?post=97189"}],"version-history":[{"count":1,"href":"https:\/\/tvbrazilusa.com\/pt\/wp-json\/wp\/v2\/posts\/97189\/revisions"}],"predecessor-version":[{"id":97191,"href":"https:\/\/tvbrazilusa.com\/pt\/wp-json\/wp\/v2\/posts\/97189\/revisions\/97191"}],"wp:featuredmedia":[{"embeddable":true,"href":"https:\/\/tvbrazilusa.com\/pt\/wp-json\/wp\/v2\/media\/97190"}],"wp:attachment":[{"href":"https:\/\/tvbrazilusa.com\/pt\/wp-json\/wp\/v2\/media?parent=97189"}],"wp:term":[{"taxonomy":"category","embeddable":true,"href":"https:\/\/tvbrazilusa.com\/pt\/wp-json\/wp\/v2\/categories?post=97189"},{"taxonomy":"post_tag","embeddable":true,"href":"https:\/\/tvbrazilusa.com\/pt\/wp-json\/wp\/v2\/tags?post=97189"}],"curies":[{"name":"wp","href":"https:\/\/api.w.org\/{rel}","templated":true}]}}