{"id":97287,"date":"2025-01-30T10:04:40","date_gmt":"2025-01-30T10:04:40","guid":{"rendered":"https:\/\/tvbrazilusa.com\/2025\/01\/30\/agora-elon-musk-indicado-ao-nobel-da-paz\/"},"modified":"2025-01-30T10:04:42","modified_gmt":"2025-01-30T10:04:42","slug":"agora-elon-musk-indicado-ao-nobel-da-paz","status":"publish","type":"post","link":"https:\/\/tvbrazilusa.com\/pt\/2025\/01\/30\/agora-elon-musk-indicado-ao-nobel-da-paz\/","title":{"rendered":"AGORA: Elon Musk Indicado ao Nobel da Paz"},"content":{"rendered":"<p> <script async src=\"https:\/\/pagead2.googlesyndication.com\/pagead\/js\/adsbygoogle.js?client=ca-pub-8864793242727901\"\r\n     crossorigin=\"anonymous\"><\/script><br \/>\n<\/p>\n<div>\n<figure class=\"post-image\">\n<\/figure>\n<p>            <span style=\"font-size: 12px\">Foto: Shutterstock<\/span><\/p>\n<p>            <!-- end metas --><br \/>\n            <!-- ADS --><\/p>\n<div id=\"taboola-read-more\" style=\"display:block; width:100%\">\n<p>O empres\u00e1rio e filantropo Elon Musk foi recentemente indicado ao Pr\u00eamio Nobel da Paz. A indica\u00e7\u00e3o, feita por membros do parlamento noruegu\u00eas e europeu, reconhece o impacto de Musk na defesa da liberdade de express\u00e3o e no fornecimento de servi\u00e7os de internet via sat\u00e9lite Starlink na Ucr\u00e2nia, durante o conflito com a R\u00fassia.\n<\/p>\n<p>Marius Nilsen, parlamentar noruegu\u00eas, destacou o papel de Musk em fornecer acesso \u00e0 informa\u00e7\u00e3o e comunica\u00e7\u00e3o em \u00e1reas de conflito. Branko Grims, eurodeputado do PPE, tamb\u00e9m elogiou a iniciativa de Musk, apontando a import\u00e2ncia da tecnologia para a paz e democracia.<\/p>\n<p>A lista oficial de indicados para o Nobel da Paz n\u00e3o \u00e9 divulgada, mas as indica\u00e7\u00f5es s\u00e3o frequentemente tornadas p\u00fablicas por seus autores. O comit\u00ea do Nobel ainda n\u00e3o confirmou oficialmente a nomea\u00e7\u00e3o, mas a not\u00edcia j\u00e1 movimenta discuss\u00f5es sobre a influ\u00eancia da tecnologia na promo\u00e7\u00e3o da paz global.              <\/p>\n<\/div>\n<p>                        <!-- Scripts para conteudo --><\/p>\n<p>            <!-- .\/Scripts para conteudo --><br \/>\n            <!-- .\/Mat\u00e9ria --><\/p>\n<div class=\"row mt-3\">\n<div class=\"col-sm-6\">\n                <!-- Whatsapp channel 3--><br \/>\n                <a href=\"https:\/\/chat.whatsapp.com\/B8Qy6Erx4kb6yTzj3kaDco\" target=\"_blank\"><br \/>\n                  <img decoding=\"async\" src=\"https:\/\/diariodobrasilnoticias.com.br\/assets-site\/images\/bot_whatsapp.png\"\/><\/a>\n              <\/div>\n<div class=\"col-sm-6\">\n                <a href=\"https:\/\/t.me\/+_4gTmi5LKo03OTM5\" target=\"_blank\"><br \/>\n                  <img decoding=\"async\" src=\"https:\/\/diariodobrasilnoticias.com.br\/assets-site\/images\/bot_telegram.png\"\/><\/a>\n              <\/div>\n<\/p><\/div>\n<p>            <!-- end post-navigation --><\/p>\n<p>              <!-- end row --><\/p>\n<p>              <!-- end col-12-->\n                      <\/div>\n<p><br \/>\n<br \/><a href=\"https:\/\/diariodobrasilnoticias.com.br\/noticia\/agora-elon-musk-indicado-ao-nobel-da-paz-679b4d8ae3aa7\">Source link <\/a><\/p>","protected":false},"excerpt":{"rendered":"<p>Foto: Shutterstock O empres\u00e1rio e filantropo Elon Musk foi recentemente indicado ao Pr\u00eamio Nobel da Paz. A indica\u00e7\u00e3o, feita por membros do parlamento noruegu\u00eas e europeu, reconhece o impacto de&hellip;<\/p>","protected":false},"author":1,"featured_media":97288,"comment_status":"closed","ping_status":"open","sticky":false,"template":"","format":"standard","meta":{"content-type":"","footnotes":""},"categories":[16],"tags":[123,2448,5313,1267],"class_list":["post-97287","post","type-post","status-publish","format-standard","has-post-thumbnail","hentry","category-noticias","tag-brasil","tag-diario","tag-noticia","tag-noticias"],"_links":{"self":[{"href":"https:\/\/tvbrazilusa.com\/pt\/wp-json\/wp\/v2\/posts\/97287","targetHints":{"allow":["GET"]}}],"collection":[{"href":"https:\/\/tvbrazilusa.com\/pt\/wp-json\/wp\/v2\/posts"}],"about":[{"href":"https:\/\/tvbrazilusa.com\/pt\/wp-json\/wp\/v2\/types\/post"}],"author":[{"embeddable":true,"href":"https:\/\/tvbrazilusa.com\/pt\/wp-json\/wp\/v2\/users\/1"}],"replies":[{"embeddable":true,"href":"https:\/\/tvbrazilusa.com\/pt\/wp-json\/wp\/v2\/comments?post=97287"}],"version-history":[{"count":1,"href":"https:\/\/tvbrazilusa.com\/pt\/wp-json\/wp\/v2\/posts\/97287\/revisions"}],"predecessor-version":[{"id":97289,"href":"https:\/\/tvbrazilusa.com\/pt\/wp-json\/wp\/v2\/posts\/97287\/revisions\/97289"}],"wp:featuredmedia":[{"embeddable":true,"href":"https:\/\/tvbrazilusa.com\/pt\/wp-json\/wp\/v2\/media\/97288"}],"wp:attachment":[{"href":"https:\/\/tvbrazilusa.com\/pt\/wp-json\/wp\/v2\/media?parent=97287"}],"wp:term":[{"taxonomy":"category","embeddable":true,"href":"https:\/\/tvbrazilusa.com\/pt\/wp-json\/wp\/v2\/categories?post=97287"},{"taxonomy":"post_tag","embeddable":true,"href":"https:\/\/tvbrazilusa.com\/pt\/wp-json\/wp\/v2\/tags?post=97287"}],"curies":[{"name":"wp","href":"https:\/\/api.w.org\/{rel}","templated":true}]}}