{"id":97308,"date":"2025-01-30T11:27:50","date_gmt":"2025-01-30T11:27:50","guid":{"rendered":"https:\/\/tvbrazilusa.com\/2025\/01\/30\/governo-lula-enfrenta-tensao-na-alianca-com-o-psd-de-kassab\/"},"modified":"2025-01-30T11:27:52","modified_gmt":"2025-01-30T11:27:52","slug":"governo-lula-enfrenta-tensao-na-alianca-com-o-psd-de-kassab","status":"publish","type":"post","link":"https:\/\/tvbrazilusa.com\/pt\/2025\/01\/30\/governo-lula-enfrenta-tensao-na-alianca-com-o-psd-de-kassab\/","title":{"rendered":"Governo Lula enfrenta tens\u00e3o na alian\u00e7a com o PSD de Kassab"},"content":{"rendered":"<p> <script async src=\"https:\/\/pagead2.googlesyndication.com\/pagead\/js\/adsbygoogle.js?client=ca-pub-8864793242727901\"\r\n     crossorigin=\"anonymous\"><\/script><br \/>\n<\/p>\n<div id=\"taboola-read-more\" style=\"display:block; width:100%\">\n<p>A rela\u00e7\u00e3o entre o governo Lula (PT) e o PSD sofreu abalos \u00e0s v\u00e9speras da reforma ministerial, depois que o presidente do partido, Gilberto Kassab, fez duras cr\u00edticas \u00e0 pol\u00edtica econ\u00f4mica conduzida pelo ministro Fernando Haddad (PT).\n<\/p>\n<p>Aliados do presidente Lula enxergaram nas declara\u00e7\u00f5es um sinal de que n\u00e3o est\u00e1 garantido o apoio do PSD \u00e0 sua reelei\u00e7\u00e3o ainda que j\u00e1 ocupem tr\u00eas minist\u00e9rios, al\u00e9m da amea\u00e7a de que o partido aproveitar\u00e1 o momento de fragilidade do Executivo para ampliar seu espa\u00e7o na Esplanada.<\/p>\n<p>As declara\u00e7\u00f5es de Kassab, nesta quarta-feira (29), ocorreram no mesmo dia em que o senador Omar Aziz (PSD-AM) criticou a escolha da presidente do PT, Gleisi Hoffmann (PR), para a Secretaria-Geral da Presid\u00eancia.\n<\/p>\n<p>O presidente Lula j\u00e1 avisou a aliados que Gleisi vai assumir um minist\u00e9rio na reforma que deve ser iniciada a partir da pr\u00f3xima semana, com o fim da elei\u00e7\u00e3o para o comando da C\u00e2mara e do Senado.\n<\/p>\n<p>Interlocutores do presidente identificam nas cr\u00edticas de Kassab um aceno ao mercado e \u00e0 base bolsonarista do governo de S\u00e3o Paulo. Kassab \u00e9 secret\u00e1rio de Governo da gest\u00e3o Tarc\u00edsio de Freitas (Republicanos).\n<\/p>\n<p>Nesta quarta-feira, ele disse que Haddad \u00e9 fraco na condu\u00e7\u00e3o do Minist\u00e9rio da Fazenda, em compara\u00e7\u00e3o a ocupantes do cargo em governos passados, incluindo outros mandatos de Lula e at\u00e9 a ditadura militar.\n<\/p>\n<p>&#8220;O que vemos hoje \u00e9 uma dificuldade do ministro Haddad de comandar. Um ministro da economia fraco \u00e9 sempre um p\u00e9ssimo indicativo&#8221;, disse durante evento do banco de investimento UBS BB, em S\u00e3o Paulo.\n<\/p>\n<p>Kassab disse ainda que &#8220;o PT n\u00e3o estaria na condi\u00e7\u00e3o de favorito, mas de derrotado&#8221;, se as elei\u00e7\u00f5es presidenciais fossem hoje.\n<\/p>\n<p>No Pal\u00e1cio do Planalto, o discurso foi recebido como um alerta para o fato de o PSD n\u00e3o aceitar a perda de postos estrat\u00e9gicos. Em suas conversas, Kassab tem deixado claro que se op\u00f5e, por exemplo, \u00e0 hip\u00f3tese de demiss\u00e3o do ministro de Minas e Energia, Alexandre Silveira (PSD), cujo posto \u00e9 visado pela c\u00fapula do Senado.\n<\/p>\n<p>Aliados de Lula t\u00eam apostado na reacomoda\u00e7\u00e3o de Silveira em um cargo como cota pessoal do presidente. Entre as possibilidades \u00e0 mesa seria sua nomea\u00e7\u00e3o na Secretaria de Rela\u00e7\u00f5es Institucionais, hoje chefiada pelo ministro Alexandre Padilha (PT) \u2014que, por sua vez, assumiria o Minist\u00e9rio da Sa\u00fade.\n<\/p>\n<p>Petistas sa\u00edram em defesa de Haddad. O ministro do Desenvolvimento Agr\u00e1rio, Paulo Teixeira, elogiou, nas redes sociais, a atua\u00e7\u00e3o do ministro da Fazenda.\n<\/p>\n<p>&#8220;Estranho seria se o articulador pol\u00edtico do governador Tarc\u00edsio elogiasse o exitoso trabalho de @Haddad_Fernando \u00e0 frente do Minist\u00e9rio da Fazenda. Recordes em gera\u00e7\u00e3o de emprego, diminui\u00e7\u00e3o da pobreza, reforma tribut\u00e1ria\u2026S\u00e3o tantas as vit\u00f3rias que devem mesmo irritar a oposi\u00e7\u00e3o&#8221;, publicou.\n<\/p>\n<p>O deputado estadual Em\u00eddio de Souza (PT-SP) disse que &#8220;Kassab \u00e9 fraco de mem\u00f3ria&#8221;. E acrescentou: &#8220;Haddad \u00e9 o ministro que depois de quase quarenta anos aprovou a reforma tribut\u00e1ria, fez o pa\u00eds crescer 7% em dois anos, reequilibrou as contas p\u00fablicas que Bolsonaro e [Paulo] Guedes haviam desorganizado&#8221;, exaltou.\n<\/p>\n<p>Coordenador do grupo Prerrogativas, o advogado Marco Aur\u00e9lio de Carvalho disse que essa foi uma cr\u00edtica extempor\u00e2nea e injusta que tem motiva\u00e7\u00e3o meramente eleitoreira. &#8220;N\u00e3o sei se foi s\u00f3 para agradar a base bolsonarista do governo Tarc\u00edsio ou se Kassab projeta uma hipot\u00e9tica disputa [com Haddad] para 2026&#8221;, disse ele.\n<\/p>\n<p>Procurado pela Folha, Kassab reiterou sua avalia\u00e7\u00e3o, mas afirmou que nunca sup\u00f4s que suas declara\u00e7\u00f5es produziriam rea\u00e7\u00e3o do governo Lula. O presidente do PSD disse que aquela foi uma simples an\u00e1lise em resposta a questionamentos de investidores sobre o cen\u00e1rio econ\u00f4mico.\n<\/p>\n<p>&#8220;Se tem algu\u00e9m que torce pelo Brasil, todos sabem que sou eu. Mas n\u00e3o posso deixar de dizer o que estou enxergando. Em momento algum quis agredir qualquer pessoa ou o governo.&#8221;\n<\/p>\n<p>Nesta quarta, a aus\u00eancia de um expoente do PSD em cerim\u00f4nia no Pal\u00e1cio do Planalto causou um mal-estar entre os aliados de Lula. O governador paranaense Ratinho J\u00fanior (PSD) n\u00e3o compareceu a evento de an\u00fancio de investimentos para rodovias do Paran\u00e1.\n<\/p>\n<p>&#8220;\u00c0s vezes, \u00e9 dif\u00edcil para alguns governadores prisioneiros da polariza\u00e7\u00e3o que n\u00e3o reconhecem, mas presidente Lula segue republicano e trabalhando sempre em parceria&#8221;, disse o presidente do BNDES, Aloizio Mercadante.\n<\/p>\n<p>Ao final do evento, questionado por jornalistas se Ratinho seria um desses governadores, Mercadante disse que n\u00e3o citou nenhum especificamente.\n<\/p>\n<p>Nesta quarta, em entrevista ao UOL, o senador Omar Aziz disse que a chegada de Gleisi \u00e0 Esplanada &#8220;n\u00e3o ser\u00e1 boa para o presidente&#8221; porque ela &#8220;\u00e9 militante&#8221;. &#8220;A Gleisi faz cr\u00edticas ao Haddad&#8230; Como \u00e9 que voc\u00ea vai botar uma ministra que faz cr\u00edtica a outro ministro? Me explica.&#8221;\n<\/p>\n<p>Na Secretaria-Geral da Presid\u00eancia, a presidente do PT ocuparia um um gabinete dentro do Pal\u00e1cio do Planalto e teria entre suas atribui\u00e7\u00f5es a rela\u00e7\u00e3o com os movimentos sociais.\n<\/p>\n<p>Lula chamou Gleisi para duas conversas na semana passada. Em uma delas, o presidente afirmou que seu nome vinha sendo defendido para o minist\u00e9rio. A presidente do PT teria dito, em resposta, que o presidente da Rep\u00fablica n\u00e3o convida, manda.\n<\/p>\n<p>Nos \u00faltimos dias, Gleisi negou a interlocutores que j\u00e1 tivesse sido convidada. Mas a not\u00edcia foi repassada pelo pr\u00f3prio Lula a nomes estrat\u00e9gicos de seu entorno.<\/p>\n<p>Fonte: Folha de S. Paulo              <\/p>\n<\/div>\n<p><br \/>\n<br \/><a href=\"https:\/\/diariodobrasilnoticias.com.br\/noticia\/governo-lula-enfrenta-tensao-na-alianca-com-o-psd-de-kassab-679b5608c422c\">Source link <\/a><\/p>","protected":false},"excerpt":{"rendered":"<p>A rela\u00e7\u00e3o entre o governo Lula (PT) e o PSD sofreu abalos \u00e0s v\u00e9speras da reforma ministerial, depois que o presidente do partido, Gilberto Kassab, fez duras cr\u00edticas \u00e0 pol\u00edtica&hellip;<\/p>","protected":false},"author":1,"featured_media":97309,"comment_status":"closed","ping_status":"open","sticky":false,"template":"","format":"standard","meta":{"content-type":"","footnotes":""},"categories":[16],"tags":[123,2448,5313,1267],"class_list":["post-97308","post","type-post","status-publish","format-standard","has-post-thumbnail","hentry","category-noticias","tag-brasil","tag-diario","tag-noticia","tag-noticias"],"_links":{"self":[{"href":"https:\/\/tvbrazilusa.com\/pt\/wp-json\/wp\/v2\/posts\/97308","targetHints":{"allow":["GET"]}}],"collection":[{"href":"https:\/\/tvbrazilusa.com\/pt\/wp-json\/wp\/v2\/posts"}],"about":[{"href":"https:\/\/tvbrazilusa.com\/pt\/wp-json\/wp\/v2\/types\/post"}],"author":[{"embeddable":true,"href":"https:\/\/tvbrazilusa.com\/pt\/wp-json\/wp\/v2\/users\/1"}],"replies":[{"embeddable":true,"href":"https:\/\/tvbrazilusa.com\/pt\/wp-json\/wp\/v2\/comments?post=97308"}],"version-history":[{"count":1,"href":"https:\/\/tvbrazilusa.com\/pt\/wp-json\/wp\/v2\/posts\/97308\/revisions"}],"predecessor-version":[{"id":97310,"href":"https:\/\/tvbrazilusa.com\/pt\/wp-json\/wp\/v2\/posts\/97308\/revisions\/97310"}],"wp:featuredmedia":[{"embeddable":true,"href":"https:\/\/tvbrazilusa.com\/pt\/wp-json\/wp\/v2\/media\/97309"}],"wp:attachment":[{"href":"https:\/\/tvbrazilusa.com\/pt\/wp-json\/wp\/v2\/media?parent=97308"}],"wp:term":[{"taxonomy":"category","embeddable":true,"href":"https:\/\/tvbrazilusa.com\/pt\/wp-json\/wp\/v2\/categories?post=97308"},{"taxonomy":"post_tag","embeddable":true,"href":"https:\/\/tvbrazilusa.com\/pt\/wp-json\/wp\/v2\/tags?post=97308"}],"curies":[{"name":"wp","href":"https:\/\/api.w.org\/{rel}","templated":true}]}}