{"id":97400,"date":"2025-01-30T16:18:40","date_gmt":"2025-01-30T16:18:40","guid":{"rendered":"https:\/\/tvbrazilusa.com\/2025\/01\/30\/brasil-nao-foi-informado-sobre-o-plano-de-milei-para-reforcar-o-controle-na-fronteira\/"},"modified":"2025-01-30T16:18:41","modified_gmt":"2025-01-30T16:18:41","slug":"brasil-nao-foi-informado-sobre-o-plano-de-milei-para-reforcar-o-controle-na-fronteira","status":"publish","type":"post","link":"https:\/\/tvbrazilusa.com\/pt\/2025\/01\/30\/brasil-nao-foi-informado-sobre-o-plano-de-milei-para-reforcar-o-controle-na-fronteira\/","title":{"rendered":"Brasil n\u00e3o foi informado sobre o plano de Milei para refor\u00e7ar o controle na fronteira"},"content":{"rendered":"<p> <script async src=\"https:\/\/pagead2.googlesyndication.com\/pagead\/js\/adsbygoogle.js?client=ca-pub-8864793242727901\"\r\n     crossorigin=\"anonymous\"><\/script><br \/>\n<\/p>\n<div id=\"taboola-read-more\" style=\"display:block; width:100%\">\n<p>O presidente Luiz In\u00e1cio Lula da Silva (PT) voltou a criticar nesta quinta-feira (30) a dissemina\u00e7\u00e3o de fake news relacionadas ao governo. Ele afirmou que \u00e9 \u201cf\u00e1cil\u201d disseminar mentiras na internet e \u201cdif\u00edcil ter coragem\u201d para ir \u00e0s ruas conversar com a popula\u00e7\u00e3o.\n<\/p>\n<p>\u201cQuem quiser derrotar a pol\u00edtica do meu governo vai ter que aprender a fazer luta de rua, porque \u00e9 mais f\u00e1cil na internet mentindo. Agora, \u00e9 muito dif\u00edcil ter coragem de ir \u00e0 rua conversar com o povo e discutir com o povo as coisas que est\u00e3o acontecendo no pa\u00eds. Esse \u00e9 meu tipo de governar e fazer com que as coisas deem certo no Brasil\u201d, disse em entrevista a jornalistas no Pal\u00e1cio do Planalto.<\/p>\n<p>O chefe do Executivo afirmou que a democracia ser\u00e1 a \u201cgrande derrotada\u201d se houver o crescimento da extrema direita e das de fake news. Lula tamb\u00e9m disse que deve ampliar o di\u00e1logo com a imprensa para \u201cderrotar a mentira\u201d.\n<\/p>\n<p>\u201cEstou convencido que vamos terminar o mandato em situa\u00e7\u00e3o extremamente positiva\u201d, declarou. O presidente refor\u00e7ou que est\u00e1 100% recuperado e pronto para realizar viagens pelo pa\u00eds. A inten\u00e7\u00e3o, segundo ele, \u00e9 \u201cvisitar a sociedade brasileira e estabelecer uma conversa muito verdadeira\u201d.\n<\/p>\n<p>As declara\u00e7\u00f5es de Lula foram feitas ap\u00f3s o epis\u00f3dio da crise do Pix, que afetou a imagem do Executivo, segundo a avalia\u00e7\u00e3o de aliados do governo. Pesquisa Genial\/Quaest divulgada na segunda-feira (27) mostrou\u00a0queda de cinco pontos percentuais na aprova\u00e7\u00e3o do governo Lula\u00a0em janeiro deste ano, atingindo 47%.\n<\/p>\n<p>Foi a primeira vez que o \u00edndice de desaprova\u00e7\u00e3o, que chegou a 49%, superou o de aprova\u00e7\u00e3o na s\u00e9rie hist\u00f3rica do levantamento, iniciada em fevereiro de 2023.\n<\/p>\n<p><strong>CNN<\/strong>              <\/p>\n<\/div>\n<p><br \/>\n<br \/><a href=\"https:\/\/diariodobrasilnoticias.com.br\/noticia\/brasil-nao-foi-informado-sobre-o-plano-de-milei-para-reforcar-o-controle-na-fronteira-679ba197a55e7\">Source link <\/a><\/p>","protected":false},"excerpt":{"rendered":"<p>O presidente Luiz In\u00e1cio Lula da Silva (PT) voltou a criticar nesta quinta-feira (30) a dissemina\u00e7\u00e3o de fake news relacionadas ao governo. Ele afirmou que \u00e9 \u201cf\u00e1cil\u201d disseminar mentiras na&hellip;<\/p>","protected":false},"author":1,"featured_media":97401,"comment_status":"closed","ping_status":"open","sticky":false,"template":"","format":"standard","meta":{"content-type":"","footnotes":""},"categories":[16],"tags":[123,2448,5313,1267],"class_list":["post-97400","post","type-post","status-publish","format-standard","has-post-thumbnail","hentry","category-noticias","tag-brasil","tag-diario","tag-noticia","tag-noticias"],"_links":{"self":[{"href":"https:\/\/tvbrazilusa.com\/pt\/wp-json\/wp\/v2\/posts\/97400","targetHints":{"allow":["GET"]}}],"collection":[{"href":"https:\/\/tvbrazilusa.com\/pt\/wp-json\/wp\/v2\/posts"}],"about":[{"href":"https:\/\/tvbrazilusa.com\/pt\/wp-json\/wp\/v2\/types\/post"}],"author":[{"embeddable":true,"href":"https:\/\/tvbrazilusa.com\/pt\/wp-json\/wp\/v2\/users\/1"}],"replies":[{"embeddable":true,"href":"https:\/\/tvbrazilusa.com\/pt\/wp-json\/wp\/v2\/comments?post=97400"}],"version-history":[{"count":1,"href":"https:\/\/tvbrazilusa.com\/pt\/wp-json\/wp\/v2\/posts\/97400\/revisions"}],"predecessor-version":[{"id":97402,"href":"https:\/\/tvbrazilusa.com\/pt\/wp-json\/wp\/v2\/posts\/97400\/revisions\/97402"}],"wp:featuredmedia":[{"embeddable":true,"href":"https:\/\/tvbrazilusa.com\/pt\/wp-json\/wp\/v2\/media\/97401"}],"wp:attachment":[{"href":"https:\/\/tvbrazilusa.com\/pt\/wp-json\/wp\/v2\/media?parent=97400"}],"wp:term":[{"taxonomy":"category","embeddable":true,"href":"https:\/\/tvbrazilusa.com\/pt\/wp-json\/wp\/v2\/categories?post=97400"},{"taxonomy":"post_tag","embeddable":true,"href":"https:\/\/tvbrazilusa.com\/pt\/wp-json\/wp\/v2\/tags?post=97400"}],"curies":[{"name":"wp","href":"https:\/\/api.w.org\/{rel}","templated":true}]}}