{"id":97406,"date":"2025-01-30T16:08:49","date_gmt":"2025-01-30T16:08:49","guid":{"rendered":"https:\/\/tvbrazilusa.com\/2025\/01\/30\/bc-reforca-que-subira-selic-para-1425-ao-ano-em-marco-paulo-figueiredo-tv-florida-usa-a-sua-tv-brasileira-nos-estados-unidos\/"},"modified":"2025-01-30T16:43:56","modified_gmt":"2025-01-30T16:43:56","slug":"bc-reforca-que-subira-selic-para-1425-ao-ano-em-marco-paulo-figueiredo-tv-florida-usa-a-sua-tv-brasileira-nos-estados-unidos","status":"publish","type":"post","link":"https:\/\/tvbrazilusa.com\/pt\/2025\/01\/30\/bc-reforca-que-subira-selic-para-1425-ao-ano-em-marco-paulo-figueiredo-tv-florida-usa-a-sua-tv-brasileira-nos-estados-unidos\/","title":{"rendered":"BC refor\u00e7a que subir\u00e1 Selic para 14,25% ao ano em mar\u00e7o \u2013 Paulo Figueiredo \u2013 TV Florida USA \u2013 A sua TV Brasileira nos Estados Unidos"},"content":{"rendered":"<p> <script async src=\"https:\/\/pagead2.googlesyndication.com\/pagead\/js\/adsbygoogle.js?client=ca-pub-8864793242727901\"\r\n     crossorigin=\"anonymous\"><\/script><br \/>\n<\/p>\n<div id=\"wtr-content\" data-bg=\"#FFFFFF\" data-fg=\"#006d91\" data-width=\"25\" data-mute=\"1\" data-fgopacity=\"1.00\" data-mutedopacity=\"0.5\" data-placement=\"bottom\" data-placement-offset=\"0\" data-content-offset=\"262\" data-placement-touch=\"bottom\" data-placement-offset-touch=\"0\" data-transparent=\"\" data-shadow=\"0\" data-touch=\"1\" data-non-touch=\"1\" data-comments=\"0\" data-commentsbg=\"transparent\" data-location=\"page\" data-mutedfg=\"#006d91\" data-endfg=\"#006d91\" data-rtl=\"\">\n<h3 class=\"wp-block-heading\">Autarquia menciona um cen\u00e1rio adverso para a converg\u00eancia da infla\u00e7\u00e3o e antev\u00ea um novo aumento caso a situa\u00e7\u00e3o persista<\/h3>\n<p>O\u00a0BC\u00a0(Banco Central) refor\u00e7ou nesta 4\u00aa feira (29.jan.2025) que deve decidir por uma nova eleva\u00e7\u00e3o de 1 ponto percentual na Selic na pr\u00f3xima reuni\u00e3o do\u00a0Copom\u00a0(Comit\u00ea de Pol\u00edtica Monet\u00e1ria), em mar\u00e7o. Com isso, a taxa b\u00e1sica de juros deve sair dos atuais\u00a0<strong>13,25%<\/strong>\u00a0para\u00a0<strong>14,25%<\/strong>\u00a0ao ano.<\/p>\n<p>O Copom mencionou que isso se dar\u00e1 caso persista um\u00a0<em>\u201ccen\u00e1rio adverso\u201d<\/em>\u00a0relacionado \u00e0 infla\u00e7\u00e3o.\u00a0<em>\u201cDiante da continuidade do cen\u00e1rio adverso para a converg\u00eancia da infla\u00e7\u00e3o, o Comit\u00ea antev\u00ea, em se confirmando o cen\u00e1rio esperado, um ajuste de mesma magnitude na pr\u00f3xima reuni\u00e3o\u201d<\/em>, afirma.<\/p>\n<p>A pol\u00edtica fiscal brasileira tamb\u00e9m foi mencionada:\u00a0<em>\u201cA percep\u00e7\u00e3o dos agentes econ\u00f4micos sobre o regime fiscal e a sustentabilidade da d\u00edvida segue impactando, de forma relevante, os pre\u00e7os de ativos e as expectativas dos agentes\u201d.<\/em><\/p>\n<p>Em novembro, a autoridade monet\u00e1ria j\u00e1\u00a0havia sinalizado\u00a0a eleva\u00e7\u00e3o de 1 ponto percentual nos 2 encontros iniciais do Copom em 2025.\u00a0O colegiado\u00a0elevou\u00a0nesta 4\u00aa feira (29.jan) a Selic em 1 ponto percentual. A decis\u00e3o se deu\u00a0<strong>por unanimidade<\/strong>.<\/p>\n<p>Pela 1\u00aa vez neste governo, os indicados pelo presidente\u00a0Luiz In\u00e1cio Lula da Silva\u00a0(PT)\u00a0formaram maioria\u00a0na reuni\u00e3o do Copom: dos 9 assentos que integram o colegiado, s\u00f3 2 foram nomeados por\u00a0Jair Bolsonaro\u00a0(PL), seu antecessor.<\/p>\n<figure class=\"wp-block-image aligncenter size-large is-resized\"\/>\n<p>O encontro foi realizado na 3\u00aa feira (28.jan) e nesta 4\u00aa feira (29.jan).<\/p>\n<h4 class=\"wp-block-heading\">RAZ\u00d5ES PARA ALTA<\/h4>\n<p>O Copom afirma que o ciclo de aperto monet\u00e1rio ser\u00e1 guiado\u00a0<em>\u201cpelo firme compromisso de converg\u00eancia da infla\u00e7\u00e3o \u00e0 meta e depender\u00e1 da evolu\u00e7\u00e3o da din\u00e2mica da infla\u00e7\u00e3o\u201d<\/em>.<\/p>\n<p>O comunicado do colegiado menciona o\u00a0<em>\u201cambiente externo desafiador\u201d<\/em>\u00a0ao falar sobre a pol\u00edtica econ\u00f4mica dos EUA e os impactos para pa\u00edses emergentes. Fala ainda do\u00a0<em>\u201cdinamismo\u201d<\/em>\u00a0do mercado de trabalho brasileiro e a infla\u00e7\u00e3o entre as preocupa\u00e7\u00f5es.<\/p>\n<figure class=\"wp-block-image aligncenter size-large is-resized\"><\/figure>\n<p>A alta de 1 ponto percentual na Selic era um\u00a0consenso\u00a0entre os agentes do mercado financeiro.<\/p>\n<p>A Selic \u00e9 a taxa b\u00e1sica de juros da economia brasileira. Influencia diretamente as al\u00edquotas cobradas de empr\u00e9stimos, financiamentos e investimentos. No mercado financeiro, impacta o rendimento de aplica\u00e7\u00f5es.<\/p>\n<h4 class=\"wp-block-heading\">AUTONOMIA OPERACIONAL<\/h4>\n<p>A lei de autonomia do Banco Central, sancionada em 2021, implementou mandatos para os integrantes. Duram 4 anos e acabam de forma em per\u00edodos intercalados. Em 2024, encerraram 3 mandatos:<\/p>\n<ul class=\"wp-block-list\">\n<li><strong>Roberto Campos Neto<\/strong>, ex-presidente do Banco Central;<\/li>\n<li><strong>Otavio Damaso<\/strong>, ex-diretor de Regula\u00e7\u00e3o;<\/li>\n<li><strong>Carolina de Assis Barros<\/strong>, ex-diretora de Relacionamento Institucional, Cidadania e Supervis\u00e3o de Conduta.<\/li>\n<\/ul>\n<p>Eles foram substitu\u00eddos por:<\/p>\n<ul class=\"wp-block-list\">\n<li><strong>Gabriel Gal\u00edpolo<\/strong>, ex-diretor de Pol\u00edtica Monet\u00e1ria e agora presidente do BC;<\/li>\n<li><strong>Gilney Vivan<\/strong>, diretor de Regula\u00e7\u00e3o;<\/li>\n<li><strong>Izabela Correia<\/strong>, diretora de Relacionamento Institucional, Cidadania e Supervis\u00e3o de Conduta;<\/li>\n<li><strong>Nilton Jos\u00e9 David<\/strong>, diretor de Pol\u00edtica Monet\u00e1ria.<\/li>\n<\/ul>\n<p>O ano de 2025 ser\u00e1 o 1\u00ba desde a san\u00e7\u00e3o da autonomia operacional do Banco Central em que o governo eleito indica mais diretores que o governo anterior.<\/p>\n<h4 class=\"wp-block-heading\">CR\u00cdTICAS<\/h4>\n<p>Lula e\u00a0aliados\u00a0do governo criticaram o ex-presidente do BC diversas vezes em 2023 e em 2024. Campos Neto foi indicado por Bolsonaro, advers\u00e1rio pol\u00edtico de Lula. O economista deixou o cargo em dezembro e disse que todas as decis\u00f5es de pol\u00edtica monet\u00e1ria\u00a0foram t\u00e9cnicas.<\/p>\n<p>Os indicados de Lula s\u00f3\u00a0divergiram\u00a0uma vez de Campos Neto de 2023 a 2024 nos votos de pol\u00edtica monet\u00e1ria. Gal\u00edpolo disse em dezembro de 2024 que os diretores indicados por Lula tiveram voto com\u00a0peso maior\u00a0nas \u00faltimas duas reuni\u00f5es do Copom. O per\u00edodo coincide com o per\u00edodo em que o BC teve decis\u00f5es mais duras \u2013com\u00a0alta de 1 ponto percentual\u00a0na Selic e\u00a0sinaliza\u00e7\u00e3o\u00a0de juro a 14,25% ao ano em mar\u00e7o.<\/p>\n<figure class=\"wp-block-image aligncenter size-large is-resized\"><img decoding=\"async\" src=\"https:\/\/static.poder360.com.br\/2025\/01\/bc-como-ficam-mandatos-drive-do-ano-2025-1.png\" alt=\"\" style=\"width:576px;height:auto\"\/><\/figure>\n<h4 class=\"wp-block-heading\"><strong>CONTROLE DA INFLA\u00c7\u00c3O<\/strong><\/h4>\n<p>O motivo para o movimento do Copom \u00e9 o controle da infla\u00e7\u00e3o. As perspectivas a longo prazo para os \u00edndices de pre\u00e7o pioraram no decorrer de 2024.<\/p>\n<p>A ferramenta dispon\u00edvel para frear o indicador \u00e9 aumentar os juros, pelo modelo brasileiro de pol\u00edtica monet\u00e1ria.\u00a0As taxas mais elevadas encarecem o cr\u00e9dito, o que desacelera o consumo e a produ\u00e7\u00e3o.<\/p>\n<p>Como consequ\u00eancia, os pre\u00e7os tendem a n\u00e3o aumentar de forma t\u00e3o r\u00e1pida.\u00a0A decis\u00e3o de aumentar o patamar da alta veio porque fatores recentes sinalizam piora nas perspectivas para a infla\u00e7\u00e3o.<\/p>\n<p>Destacam-se:<\/p>\n<ul class=\"wp-block-list\">\n<li><strong>economia aquecida\u00a0<\/strong>\u2013 os resultados de indicadores de empregos e da\u00a0alta\u00a0do PIB (Produto Interno Bruto) no acumulado do ano mostram uma din\u00e2mica que pode impactar os pre\u00e7os por causa de um aumento na demanda. Em um resumo simplificado: quanto maior a busca por um determinado produto, mais valor \u00e9 agregado. Esse efeito tem sido observado especialmente no setor de servi\u00e7os;<\/li>\n<li><strong>c\u00e2mbio\u00a0<\/strong>\u2013 o real enfrentou uma desvaloriza\u00e7\u00e3o intensa em rela\u00e7\u00e3o ao d\u00f3lar em 2024, passando da marca hist\u00f3rica, acima de R$ 6 no fim do ano passado \u2013o que pressiona a infla\u00e7\u00e3o pela varia\u00e7\u00e3o no pre\u00e7o das importa\u00e7\u00f5es;<\/li>\n<li><strong>pol\u00edtica fiscal\u00a0<\/strong>\u2013 o governo federal se comprometeu a equilibrar as contas p\u00fablicas. A equipe econ\u00f4mica apresentou em novembro um\u00a0pacote fiscal\u00a0com a expectativa inicial de economizar\u00a0R$ 70 bilh\u00f5es\u00a0em 2 anos. Contudo, h\u00e1 d\u00favidas sobre a credibilidade dessas estimativas. A\u00a0falta de apoio\u00a0no Congresso tamb\u00e9m dificulta as perspectivas de aprova\u00e7\u00e3o, especialmente depois do\u00a0impasse das emendas.<\/li>\n<\/ul>\n<p>A fun\u00e7\u00e3o do Banco Central \u00e9 colocar a infla\u00e7\u00e3o anual do Brasil no centro da meta, que \u00e9 de 3%. H\u00e1 um intervalo de toler\u00e2ncia de 1,5 ponto percentual \u2013o indicador pode ir at\u00e9 4,5%.<\/p>\n<p>Respons\u00e1vel por medir a infla\u00e7\u00e3o oficial do Brasil, o IPCA (\u00cdndice Nacional de Pre\u00e7os ao Consumidor Amplo)\u00a0atingiu 4,83% em 2024. Ficou, portanto, fora da meta.<\/p>\n<p>A autoridade monet\u00e1ria\u00a0teve de preparar\u00a0uma carta de explica\u00e7\u00e3o sobre o resultado aqu\u00e9m do objetivo inflacion\u00e1rio.\u00a0As estimativas para a infla\u00e7\u00e3o\u00a0subiram para 5,50%\u00a0para o fim de 2025.<\/p>\n<p><strong><a rel=\"nofollow\" target=\"_blank\" href=\"https:\/\/www.poder360.com.br\/poder-economia\/bc-reforca-que-subira-selic-para-1425-ao-ano-em-marco\/\">Source link<\/a><\/strong><\/p>\n<\/div>\n<p><br \/>\n<br \/><a href=\"https:\/\/tvfloridausa.com\/2025\/01\/30\/bc-reforca-que-subira-selic-para-1425-ao-ano-em-marco-paulo-figueiredo\/\">Source link <\/a><\/p>","protected":false},"excerpt":{"rendered":"<p>Autarquia menciona um cen\u00e1rio adverso para a converg\u00eancia da infla\u00e7\u00e3o e antev\u00ea um novo aumento caso a situa\u00e7\u00e3o persista O\u00a0BC\u00a0(Banco Central) refor\u00e7ou nesta 4\u00aa feira (29.jan.2025) que deve decidir por&hellip;<\/p>","protected":false},"author":1,"featured_media":97407,"comment_status":"closed","ping_status":"open","sticky":false,"template":"","format":"standard","meta":{"content-type":"","footnotes":""},"categories":[22],"tags":[],"class_list":["post-97406","post","type-post","status-publish","format-standard","has-post-thumbnail","hentry","category-tv-florida-usa"],"_links":{"self":[{"href":"https:\/\/tvbrazilusa.com\/pt\/wp-json\/wp\/v2\/posts\/97406","targetHints":{"allow":["GET"]}}],"collection":[{"href":"https:\/\/tvbrazilusa.com\/pt\/wp-json\/wp\/v2\/posts"}],"about":[{"href":"https:\/\/tvbrazilusa.com\/pt\/wp-json\/wp\/v2\/types\/post"}],"author":[{"embeddable":true,"href":"https:\/\/tvbrazilusa.com\/pt\/wp-json\/wp\/v2\/users\/1"}],"replies":[{"embeddable":true,"href":"https:\/\/tvbrazilusa.com\/pt\/wp-json\/wp\/v2\/comments?post=97406"}],"version-history":[{"count":1,"href":"https:\/\/tvbrazilusa.com\/pt\/wp-json\/wp\/v2\/posts\/97406\/revisions"}],"predecessor-version":[{"id":97408,"href":"https:\/\/tvbrazilusa.com\/pt\/wp-json\/wp\/v2\/posts\/97406\/revisions\/97408"}],"wp:featuredmedia":[{"embeddable":true,"href":"https:\/\/tvbrazilusa.com\/pt\/wp-json\/wp\/v2\/media\/97407"}],"wp:attachment":[{"href":"https:\/\/tvbrazilusa.com\/pt\/wp-json\/wp\/v2\/media?parent=97406"}],"wp:term":[{"taxonomy":"category","embeddable":true,"href":"https:\/\/tvbrazilusa.com\/pt\/wp-json\/wp\/v2\/categories?post=97406"},{"taxonomy":"post_tag","embeddable":true,"href":"https:\/\/tvbrazilusa.com\/pt\/wp-json\/wp\/v2\/tags?post=97406"}],"curies":[{"name":"wp","href":"https:\/\/api.w.org\/{rel}","templated":true}]}}