{"id":97409,"date":"2025-01-30T16:46:03","date_gmt":"2025-01-30T16:46:03","guid":{"rendered":"https:\/\/tvbrazilusa.com\/2025\/01\/30\/como-detectar-o-parkinson-sinais-iniciais-e-diagnostico-precoce\/"},"modified":"2025-01-30T16:46:06","modified_gmt":"2025-01-30T16:46:06","slug":"como-detectar-o-parkinson-sinais-iniciais-e-diagnostico-precoce","status":"publish","type":"post","link":"https:\/\/tvbrazilusa.com\/pt\/2025\/01\/30\/como-detectar-o-parkinson-sinais-iniciais-e-diagnostico-precoce\/","title":{"rendered":"Como detectar o Parkinson: sinais iniciais e diagn\u00f3stico precoce"},"content":{"rendered":"<p> <script async src=\"https:\/\/pagead2.googlesyndication.com\/pagead\/js\/adsbygoogle.js?client=ca-pub-8864793242727901\"\r\n     crossorigin=\"anonymous\"><\/script><br \/>\n<\/p>\n<div id=\"taboola-read-more\" style=\"display:block; width:100%\">\n<p>A doen\u00e7a de Parkinson \u00e9 uma condi\u00e7\u00e3o neurol\u00f3gica cr\u00f4nica que afeta milh\u00f5es de pessoas no mundo, impactando diretamente a coordena\u00e7\u00e3o motora e o controle muscular. Somente no Brasil, mais de 200 mil casos s\u00e3o registrados. Embora seja mais prevalente em pessoas idosas, o Parkinson tamb\u00e9m pode acometer indiv\u00edduos mais jovens, comprometendo a qualidade de vida de quem vive com a doen\u00e7a.\n<\/p>\n<p><strong>Sintomas do Parkinson: muito al\u00e9m dos tremores<\/strong><br \/>Muitas vezes, os sintomas do Parkinson s\u00e3o associados exclusivamente aos tremores, mas a realidade \u00e9 mais complexa. A doen\u00e7a pode se manifestar de v\u00e1rias formas, tanto com sintomas motores quanto n\u00e3o motores, o que torna o diagn\u00f3stico desafiador. Entre os primeiros sinais de Parkinson, destacam-se:<\/p>\n<p>Rigidez articular e muscular<br \/>Movimentos lentos<br \/>Postura inclinada para frente<br \/>Dificuldade de equil\u00edbrio e caminhada<br \/>Problemas de mem\u00f3ria<br \/>Dificuldade para identificar odores<br \/>Altera\u00e7\u00f5es de humor e sentimentos depressivos<br \/>Dores generalizadas\n<\/p>\n<p>Embora os tremores sejam um sintoma caracter\u00edstico, eles surgem gradualmente e podem afetar diferentes partes do corpo, como m\u00e3os, dedos, queixo, cabe\u00e7a ou p\u00e9s.\n<\/p>\n<p><strong>Causas e fatores de risco do Parkinson<\/strong><br \/>As causas exatas do Parkinson ainda n\u00e3o est\u00e3o completamente esclarecidas, mas acredita-se que sejam uma combina\u00e7\u00e3o de fatores gen\u00e9ticos, ambientais e neuroqu\u00edmicos. Certas muta\u00e7\u00f5es gen\u00e9ticas podem aumentar o risco de desenvolvimento da doen\u00e7a, assim como a exposi\u00e7\u00e3o a toxinas ambientais. Al\u00e9m disso, pessoas com mais de 60 anos t\u00eam maior probabilidade de desenvolver Parkinson. O trauma craniano repetido e o uso de medicamentos, como os para epilepsia, tamb\u00e9m est\u00e3o relacionados ao surgimento da condi\u00e7\u00e3o.\n<\/p>\n<p><strong>Diagn\u00f3stico preciso: a import\u00e2ncia do reconhecimento precoce<\/strong><br \/>Embora o diagn\u00f3stico cl\u00ednico seja a principal forma de identifica\u00e7\u00e3o do Parkinson, o diagn\u00f3stico precoce \u00e9 essencial para garantir uma melhor qualidade de vida aos pacientes. Ele permite a implementa\u00e7\u00e3o de terapias adequadas e exerc\u00edcios f\u00edsicos regulares, que podem retardar a progress\u00e3o dos sintomas. Contudo, a doen\u00e7a pode ser confundida com outras condi\u00e7\u00f5es, como tremores essenciais, distonia e outros tipos de parkinsonismo, o que torna a consulta m\u00e9dica crucial para um diagn\u00f3stico assertivo.\n<\/p>\n<p><strong>Avan\u00e7os no diagn\u00f3stico e tratamento<\/strong><br \/>Atualmente, n\u00e3o existe um exame de sangue espec\u00edfico para diagnosticar o Parkinson, mas pesquisas est\u00e3o em andamento, como um estudo publicado na Science Translational Medicine. O tratamento da doen\u00e7a n\u00e3o tem cura, mas \u00e9 focado no al\u00edvio dos sintomas e na manuten\u00e7\u00e3o da funcionalidade do paciente. A combina\u00e7\u00e3o de acompanhamento m\u00e9dico especializado e pr\u00e1ticas de exerc\u00edcio f\u00edsico pode ajudar a controlar a progress\u00e3o da doen\u00e7a.\n<\/p>\n<p><strong>Preven\u00e7\u00e3o do Parkinson: h\u00e1bitos saud\u00e1veis podem ajudar<\/strong><br \/>Embora n\u00e3o haja uma forma garantida de prevenir o Parkinson, estudos sugerem que manter um estilo de vida saud\u00e1vel pode reduzir o risco de desenvolvimento da doen\u00e7a. A pr\u00e1tica regular de atividades f\u00edsicas, uma dieta rica em antioxidantes e a diminui\u00e7\u00e3o da exposi\u00e7\u00e3o a toxinas ambientais s\u00e3o medidas que podem auxiliar na preven\u00e7\u00e3o.<\/p>\n<p><strong>Como prevenir o Parkinson: dicas e cuidados essenciais<\/strong><br \/>Prevenir o Parkinson envolve adotar h\u00e1bitos saud\u00e1veis como a pr\u00e1tica regular de exerc\u00edcios f\u00edsicos, alimenta\u00e7\u00e3o equilibrada e estimula\u00e7\u00e3o mental. Estudos indicam que evitar o tabagismo e reduzir o estresse tamb\u00e9m podem diminuir os riscos da doen\u00e7a neurodegenerativa, que afeta o controle motor e a qualidade de vida. Clique aqui para saber mais.<\/p>\n<p>Fonte: Catraca Livre              <\/p>\n<\/div>\n<p><br \/>\n<br \/><a href=\"https:\/\/diariodobrasilnoticias.com.br\/noticia\/como-detectar-o-parkinson-sinais-iniciais-e-diagnostico-precoce-679b8b557c70d\">Source link <\/a><\/p>","protected":false},"excerpt":{"rendered":"<p>A doen\u00e7a de Parkinson \u00e9 uma condi\u00e7\u00e3o neurol\u00f3gica cr\u00f4nica que afeta milh\u00f5es de pessoas no mundo, impactando diretamente a coordena\u00e7\u00e3o motora e o controle muscular. Somente no Brasil, mais de&hellip;<\/p>","protected":false},"author":1,"featured_media":97410,"comment_status":"closed","ping_status":"open","sticky":false,"template":"","format":"standard","meta":{"content-type":"","footnotes":""},"categories":[16],"tags":[123,2448,5313,1267],"class_list":["post-97409","post","type-post","status-publish","format-standard","has-post-thumbnail","hentry","category-noticias","tag-brasil","tag-diario","tag-noticia","tag-noticias"],"_links":{"self":[{"href":"https:\/\/tvbrazilusa.com\/pt\/wp-json\/wp\/v2\/posts\/97409","targetHints":{"allow":["GET"]}}],"collection":[{"href":"https:\/\/tvbrazilusa.com\/pt\/wp-json\/wp\/v2\/posts"}],"about":[{"href":"https:\/\/tvbrazilusa.com\/pt\/wp-json\/wp\/v2\/types\/post"}],"author":[{"embeddable":true,"href":"https:\/\/tvbrazilusa.com\/pt\/wp-json\/wp\/v2\/users\/1"}],"replies":[{"embeddable":true,"href":"https:\/\/tvbrazilusa.com\/pt\/wp-json\/wp\/v2\/comments?post=97409"}],"version-history":[{"count":1,"href":"https:\/\/tvbrazilusa.com\/pt\/wp-json\/wp\/v2\/posts\/97409\/revisions"}],"predecessor-version":[{"id":97411,"href":"https:\/\/tvbrazilusa.com\/pt\/wp-json\/wp\/v2\/posts\/97409\/revisions\/97411"}],"wp:featuredmedia":[{"embeddable":true,"href":"https:\/\/tvbrazilusa.com\/pt\/wp-json\/wp\/v2\/media\/97410"}],"wp:attachment":[{"href":"https:\/\/tvbrazilusa.com\/pt\/wp-json\/wp\/v2\/media?parent=97409"}],"wp:term":[{"taxonomy":"category","embeddable":true,"href":"https:\/\/tvbrazilusa.com\/pt\/wp-json\/wp\/v2\/categories?post=97409"},{"taxonomy":"post_tag","embeddable":true,"href":"https:\/\/tvbrazilusa.com\/pt\/wp-json\/wp\/v2\/tags?post=97409"}],"curies":[{"name":"wp","href":"https:\/\/api.w.org\/{rel}","templated":true}]}}