{"id":97427,"date":"2025-01-30T18:06:02","date_gmt":"2025-01-30T18:06:02","guid":{"rendered":"https:\/\/tvbrazilusa.com\/2025\/01\/30\/brasil-setor-do-governo-lula-quer-enfrentar-trump\/"},"modified":"2025-01-30T18:06:04","modified_gmt":"2025-01-30T18:06:04","slug":"brasil-setor-do-governo-lula-quer-enfrentar-trump","status":"publish","type":"post","link":"https:\/\/tvbrazilusa.com\/pt\/2025\/01\/30\/brasil-setor-do-governo-lula-quer-enfrentar-trump\/","title":{"rendered":"Brasil: setor do governo Lula quer enfrentar Trump"},"content":{"rendered":"<p> <script async src=\"https:\/\/pagead2.googlesyndication.com\/pagead\/js\/adsbygoogle.js?client=ca-pub-8864793242727901\"\r\n     crossorigin=\"anonymous\"><\/script><br \/>\n<\/p>\n<div>\n<figure class=\"post-image\">\n<\/figure>\n<p>            <span style=\"font-size: 12px\">(Divulga\u00e7\u00e3o)<\/span><\/p>\n<p>            <!-- end metas --><br \/>\n            <!-- ADS --><\/p>\n<div id=\"taboola-read-more\" style=\"display:block; width:100%\">\n<p>O governo brasileiro tomou uma medida diplom\u00e1tica para obter esclarecimentos sobre as condi\u00e7\u00f5es enfrentadas pelos cidad\u00e3os deportados dos Estados Unidos. Nesta segunda-feira (27), o encarregado de neg\u00f3cios da embaixada norte-americana em Bras\u00edlia foi chamado para discutir o tratamento dispensado a esses indiv\u00edduos, especialmente em rela\u00e7\u00e3o ao uso de algemas durante o processo de repatria\u00e7\u00e3o.\n<\/p>\n<p>O Planalto avalia que essa pr\u00e1tica, adotada de forma sistem\u00e1tica, representa um excesso e pode configurar uma viola\u00e7\u00e3o dos direitos humanos. Para o governo federal, embora os Estados Unidos tenham soberania para definir suas regras de imigra\u00e7\u00e3o, \u00e9 necess\u00e1rio garantir que a dignidade dos deportados seja preservada.<\/p>\n<p>O procedimento padr\u00e3o dos EUA envolve a restri\u00e7\u00e3o de movimentos dos deportados, incluindo o uso de algemas nos pulsos e tornozelos durante todo o trajeto de retorno ao Brasil. Essas medidas s\u00e3o geralmente aplicadas a indiv\u00edduos considerados perigosos, o que levanta questionamentos sobre sua real necessidade no caso de imigrantes que n\u00e3o possuem hist\u00f3rico criminal grave. Organiza\u00e7\u00f5es defensoras dos direitos humanos j\u00e1 apontaram que essa abordagem pode ser considerada desproporcional e contribuir para a criminaliza\u00e7\u00e3o de pessoas que apenas tentaram entrar no pa\u00eds de maneira irregular.\n<\/p>\n<p>Al\u00e9m da preocupa\u00e7\u00e3o com a quest\u00e3o humanit\u00e1ria, o epis\u00f3dio gerou debate dentro do pr\u00f3prio governo. Uma ala do Planalto defendeu que o Brasil adote uma postura mais firme n\u00e3o apenas em rela\u00e7\u00e3o aos Estados Unidos, mas tamb\u00e9m na esfera diplom\u00e1tica regional, citando o caso da Col\u00f4mbia. O governo colombiano tem adotado uma posi\u00e7\u00e3o mais cr\u00edtica em rela\u00e7\u00e3o \u00e0s pol\u00edticas migrat\u00f3rias norte-americanas, e setores do governo brasileiro acreditam que o pa\u00eds tamb\u00e9m deveria elevar o tom contra a gest\u00e3o do presidente Donald Trump.<\/p>\n<p>Fonte: Pensando Direita              <\/p>\n<\/div>\n<p>                        <!-- Scripts para conteudo --><\/p>\n<p>            <!-- .\/Scripts para conteudo --><br \/>\n            <!-- .\/Mat\u00e9ria --><\/p>\n<div class=\"row mt-3\">\n<div class=\"col-sm-6\">\n                <!-- Whatsapp channel 3--><br \/>\n                <a href=\"https:\/\/chat.whatsapp.com\/B8Qy6Erx4kb6yTzj3kaDco\" target=\"_blank\"><br \/>\n                  <img decoding=\"async\" src=\"https:\/\/diariodobrasilnoticias.com.br\/assets-site\/images\/bot_whatsapp.png\"\/><\/a>\n              <\/div>\n<div class=\"col-sm-6\">\n                <a href=\"https:\/\/t.me\/+_4gTmi5LKo03OTM5\" target=\"_blank\"><br \/>\n                  <img decoding=\"async\" src=\"https:\/\/diariodobrasilnoticias.com.br\/assets-site\/images\/bot_telegram.png\"\/><\/a>\n              <\/div>\n<\/p><\/div>\n<p>            <!-- end post-navigation --><\/p>\n<p>              <!-- end row --><\/p>\n<p>              <!-- end col-12-->\n                      <\/div>\n<p><br \/>\n<br \/><a href=\"https:\/\/diariodobrasilnoticias.com.br\/noticia\/brasil-setor-do-governo-lula-quer-enfrentar-trump-679b99a7df986\">Source link <\/a><\/p>","protected":false},"excerpt":{"rendered":"<p>(Divulga\u00e7\u00e3o) O governo brasileiro tomou uma medida diplom\u00e1tica para obter esclarecimentos sobre as condi\u00e7\u00f5es enfrentadas pelos cidad\u00e3os deportados dos Estados Unidos. Nesta segunda-feira (27), o encarregado de neg\u00f3cios da embaixada&hellip;<\/p>","protected":false},"author":1,"featured_media":97428,"comment_status":"closed","ping_status":"open","sticky":false,"template":"","format":"standard","meta":{"content-type":"","footnotes":""},"categories":[16],"tags":[123,2448,5313,1267],"class_list":["post-97427","post","type-post","status-publish","format-standard","has-post-thumbnail","hentry","category-noticias","tag-brasil","tag-diario","tag-noticia","tag-noticias"],"_links":{"self":[{"href":"https:\/\/tvbrazilusa.com\/pt\/wp-json\/wp\/v2\/posts\/97427","targetHints":{"allow":["GET"]}}],"collection":[{"href":"https:\/\/tvbrazilusa.com\/pt\/wp-json\/wp\/v2\/posts"}],"about":[{"href":"https:\/\/tvbrazilusa.com\/pt\/wp-json\/wp\/v2\/types\/post"}],"author":[{"embeddable":true,"href":"https:\/\/tvbrazilusa.com\/pt\/wp-json\/wp\/v2\/users\/1"}],"replies":[{"embeddable":true,"href":"https:\/\/tvbrazilusa.com\/pt\/wp-json\/wp\/v2\/comments?post=97427"}],"version-history":[{"count":1,"href":"https:\/\/tvbrazilusa.com\/pt\/wp-json\/wp\/v2\/posts\/97427\/revisions"}],"predecessor-version":[{"id":97429,"href":"https:\/\/tvbrazilusa.com\/pt\/wp-json\/wp\/v2\/posts\/97427\/revisions\/97429"}],"wp:featuredmedia":[{"embeddable":true,"href":"https:\/\/tvbrazilusa.com\/pt\/wp-json\/wp\/v2\/media\/97428"}],"wp:attachment":[{"href":"https:\/\/tvbrazilusa.com\/pt\/wp-json\/wp\/v2\/media?parent=97427"}],"wp:term":[{"taxonomy":"category","embeddable":true,"href":"https:\/\/tvbrazilusa.com\/pt\/wp-json\/wp\/v2\/categories?post=97427"},{"taxonomy":"post_tag","embeddable":true,"href":"https:\/\/tvbrazilusa.com\/pt\/wp-json\/wp\/v2\/tags?post=97427"}],"curies":[{"name":"wp","href":"https:\/\/api.w.org\/{rel}","templated":true}]}}