{"id":97430,"date":"2025-01-30T18:17:34","date_gmt":"2025-01-30T18:17:34","guid":{"rendered":"https:\/\/tvbrazilusa.com\/2025\/01\/30\/mais-de-252-mil-pessoas-podem-ter-desconto-de-ate-100-na-conta-de-energia-no-rn-veja-como\/"},"modified":"2025-01-30T18:17:36","modified_gmt":"2025-01-30T18:17:36","slug":"mais-de-252-mil-pessoas-podem-ter-desconto-de-ate-100-na-conta-de-energia-no-rn-veja-como","status":"publish","type":"post","link":"https:\/\/tvbrazilusa.com\/pt\/2025\/01\/30\/mais-de-252-mil-pessoas-podem-ter-desconto-de-ate-100-na-conta-de-energia-no-rn-veja-como\/","title":{"rendered":"Mais de 252 mil pessoas podem ter desconto de at\u00e9 100% na conta de energia no RN; veja como"},"content":{"rendered":"<p> <script async src=\"https:\/\/pagead2.googlesyndication.com\/pagead\/js\/adsbygoogle.js?client=ca-pub-8864793242727901\"\r\n     crossorigin=\"anonymous\"><\/script><br \/>\n<\/p>\n<div data-block-type=\"unstyled\" data-block-weight=\"47\" data-block-id=\"20\">\n<p class=\"content-text__container\" data-track-category=\"Link no Texto\" data-track-links=\"\" data-mrf-recirculation=\"Mat\u00e9ria - Links no Texto\">Quando o titular da conta de energia el\u00e9trica \u00e9 o pr\u00f3prio benefici\u00e1rio e detentor do NIS ou NB (BPC\/LOAS), a companhia faz o cadastro do benef\u00edcio automaticamente. Quando a titularidade est\u00e1 no CPF de outra pessoa, \u00e9 necess\u00e1rio que o cliente procure os canais de atendimento concession\u00e1ria.\n<\/p>\n<p class=\"content-text__container\" data-track-category=\"Link no Texto\" data-track-links=\"\" data-mrf-recirculation=\"Mat\u00e9ria - Links no Texto\">Essa situa\u00e7\u00e3o \u00e9 muito comum para pessoas que moram de aluguel ou resid\u00eancia cedida por terceiros, na qual a conta de energia est\u00e1 em nome do propriet\u00e1rio do im\u00f3vel. A inscri\u00e7\u00e3o pode ser feita por meio do WhatsApp da Neoenergia,\u00a0<a class=\"\" href=\"http:\/\/neoenergia.com\/\" target=\"_blank\" rel=\"noopener noreferrer\" data-mrf-link=\"http:\/\/neoenergia.com\/\">site oficial\u00a0<\/a>(\u00c1rea do Cliente), ou nas lojas de atendimento.\n<\/p>\n<p class=\"content-text__container\" data-track-category=\"Link no Texto\" data-track-links=\"\" data-mrf-recirculation=\"Mat\u00e9ria - Links no Texto\">O desconto n\u00e3o \u00e9 cumulativo. Caso duas pessoas do mesmo n\u00facleo familiar possuam o NIS ou o NB, apenas uma pode se inscrever na Tarifa Social.\n<\/p>\n<p class=\"content-text__container\" data-track-category=\"Link no Texto\" data-track-links=\"\" data-mrf-recirculation=\"Mat\u00e9ria - Links no Texto\">\u00a0\n<\/p>\n<p class=\"content-text__container\" data-track-category=\"Link no Texto\" data-track-links=\"\" data-mrf-recirculation=\"Mat\u00e9ria - Links no Texto\">Fonte: Grande Ponto\n<\/p>\n<\/div>\n<p><br \/>\n<br \/><a href=\"https:\/\/diariodobrasilnoticias.com.br\/noticia\/mais-de-252-mil-pessoas-podem-ter-desconto-de-ate-100-na-conta-de-energia-no-rn-veja-como-679ba710c584f\">Source link <\/a><\/p>","protected":false},"excerpt":{"rendered":"<p>Quando o titular da conta de energia el\u00e9trica \u00e9 o pr\u00f3prio benefici\u00e1rio e detentor do NIS ou NB (BPC\/LOAS), a companhia faz o cadastro do benef\u00edcio automaticamente. Quando a titularidade&hellip;<\/p>","protected":false},"author":1,"featured_media":97431,"comment_status":"closed","ping_status":"open","sticky":false,"template":"","format":"standard","meta":{"content-type":"","footnotes":""},"categories":[16],"tags":[123,2448,5313,1267],"class_list":["post-97430","post","type-post","status-publish","format-standard","has-post-thumbnail","hentry","category-noticias","tag-brasil","tag-diario","tag-noticia","tag-noticias"],"_links":{"self":[{"href":"https:\/\/tvbrazilusa.com\/pt\/wp-json\/wp\/v2\/posts\/97430","targetHints":{"allow":["GET"]}}],"collection":[{"href":"https:\/\/tvbrazilusa.com\/pt\/wp-json\/wp\/v2\/posts"}],"about":[{"href":"https:\/\/tvbrazilusa.com\/pt\/wp-json\/wp\/v2\/types\/post"}],"author":[{"embeddable":true,"href":"https:\/\/tvbrazilusa.com\/pt\/wp-json\/wp\/v2\/users\/1"}],"replies":[{"embeddable":true,"href":"https:\/\/tvbrazilusa.com\/pt\/wp-json\/wp\/v2\/comments?post=97430"}],"version-history":[{"count":1,"href":"https:\/\/tvbrazilusa.com\/pt\/wp-json\/wp\/v2\/posts\/97430\/revisions"}],"predecessor-version":[{"id":97432,"href":"https:\/\/tvbrazilusa.com\/pt\/wp-json\/wp\/v2\/posts\/97430\/revisions\/97432"}],"wp:featuredmedia":[{"embeddable":true,"href":"https:\/\/tvbrazilusa.com\/pt\/wp-json\/wp\/v2\/media\/97431"}],"wp:attachment":[{"href":"https:\/\/tvbrazilusa.com\/pt\/wp-json\/wp\/v2\/media?parent=97430"}],"wp:term":[{"taxonomy":"category","embeddable":true,"href":"https:\/\/tvbrazilusa.com\/pt\/wp-json\/wp\/v2\/categories?post=97430"},{"taxonomy":"post_tag","embeddable":true,"href":"https:\/\/tvbrazilusa.com\/pt\/wp-json\/wp\/v2\/tags?post=97430"}],"curies":[{"name":"wp","href":"https:\/\/api.w.org\/{rel}","templated":true}]}}