{"id":97478,"date":"2025-01-30T19:59:02","date_gmt":"2025-01-30T19:59:02","guid":{"rendered":"https:\/\/tvbrazilusa.com\/2025\/01\/30\/enfermeira-teve-dificuldade-para-descartar-pe-de-idosa-de-103-anos-amputado-sem-anestesia\/"},"modified":"2025-01-30T19:59:05","modified_gmt":"2025-01-30T19:59:05","slug":"enfermeira-teve-dificuldade-para-descartar-pe-de-idosa-de-103-anos-amputado-sem-anestesia","status":"publish","type":"post","link":"https:\/\/tvbrazilusa.com\/pt\/2025\/01\/30\/enfermeira-teve-dificuldade-para-descartar-pe-de-idosa-de-103-anos-amputado-sem-anestesia\/","title":{"rendered":"Enfermeira teve dificuldade para descartar p\u00e9 de idosa de 103 anos amputado sem anestesia"},"content":{"rendered":"<p> <script async src=\"https:\/\/pagead2.googlesyndication.com\/pagead\/js\/adsbygoogle.js?client=ca-pub-8864793242727901\"\r\n     crossorigin=\"anonymous\"><\/script><br \/>\n<\/p>\n<div id=\"taboola-read-more\" style=\"display:block; width:100%\">\n<p>Trocas de mensagens em um aplicativo de conversa mostram que a enfermeira suspeita de amputar o p\u00e9 de uma idosa em casa e sem anestesia, no Distrito Federal, teve dificuldade para descartar o membro retirado. As capturas de tela foram obtidas pelo portal Metr\u00f3poles, e o g1 confirmou que se trata de di\u00e1logo com a enfermeira suspeita (veja acima).\n<\/p>\n<p>Em uma conversa com uma pessoa ligada \u00e0 fam\u00edlia da idosa de 103 anos, a enfermeira disse que estava enfrentando problemas para descartar o p\u00e9 amputado no hospital privado onde ela trabalha. A mulher afirmou que estava dando um &#8220;bo&#8221;, g\u00edria para problema, e riu.<\/p>\n<p>&#8220;Resolvi. Vou descartar em um hospital p\u00fablico&#8221;, afirmou logo em seguida.<br \/>Nas mensagens, a enfermeira perguntou para a pessoa se havia algu\u00e9m da fam\u00edlia que pudesse a ajudar com o descarte do membro amputado. Segundo ela, o hospital exigia a &#8220;PCT&#8221; (procalcitonina &#8211; exame de diagn\u00f3stico de infec\u00e7\u00f5es bacterianas). Depois, ela afirmou que faria o descarte em um hospital p\u00fablico.\n<\/p>\n<p>O caso foi comunicado \u00e0 Pol\u00edcia Civil na segunda-feira (27). De acordo com o Conselho Regional de Enfermagem (Coren-DF), a cirurgia tamb\u00e9m foi feita &#8220;com um bisturi inadequado&#8221;\n<\/p>\n<p><strong>Idosa est\u00e1 internada na UTI<\/strong>\n<\/p>\n<p>A idosa \u2013 que \u00e9 acompanhada, desde 2023, por uma equipe m\u00e9dica e de enfermagem em casa \u2013 tinha uma ferida no p\u00e9 que aumentou a ponto de ter uma indica\u00e7\u00e3o m\u00e9dica para amputa\u00e7\u00e3o, segundo a PCDF.\n<\/p>\n<p>Mas, por conta da idade, a fam\u00edlia optou por tratar o ferimento com cuidados paliativos, o que poderia gerar uma amputa\u00e7\u00e3o natural.\n<\/p>\n<p>A cirurgia de amputa\u00e7\u00e3o, segundo o Conselho Regional de Enfermagem do Distrito Federal (Coren-DF), foi feita &#8220;com um bisturi inadequado, em ambiente domiciliar e sem anestesia&#8221;. O procedimento foi realizado no dia 13 de janeiro, segundo as investiga\u00e7\u00f5es.\n<\/p>\n<p>Ap\u00f3s a amputa\u00e7\u00e3o, a mulher foi submetida a uma cirurgia. Ela est\u00e1 internada na UTI, de acordo com a PCDF.\n<\/p>\n<p>Fonte: G1              <\/p>\n<\/div>\n<p><br \/>\n<br \/><a href=\"https:\/\/diariodobrasilnoticias.com.br\/noticia\/enfermeira-teve-dificuldade-para-descartar-pe-de-idosa-de-103-anos-amputado-sem-anestesia-679bc2d353521\">Source link <\/a><\/p>","protected":false},"excerpt":{"rendered":"<p>Trocas de mensagens em um aplicativo de conversa mostram que a enfermeira suspeita de amputar o p\u00e9 de uma idosa em casa e sem anestesia, no Distrito Federal, teve dificuldade&hellip;<\/p>","protected":false},"author":1,"featured_media":97479,"comment_status":"closed","ping_status":"open","sticky":false,"template":"","format":"standard","meta":{"content-type":"","footnotes":""},"categories":[16],"tags":[123,2448,5313,1267],"class_list":["post-97478","post","type-post","status-publish","format-standard","has-post-thumbnail","hentry","category-noticias","tag-brasil","tag-diario","tag-noticia","tag-noticias"],"_links":{"self":[{"href":"https:\/\/tvbrazilusa.com\/pt\/wp-json\/wp\/v2\/posts\/97478","targetHints":{"allow":["GET"]}}],"collection":[{"href":"https:\/\/tvbrazilusa.com\/pt\/wp-json\/wp\/v2\/posts"}],"about":[{"href":"https:\/\/tvbrazilusa.com\/pt\/wp-json\/wp\/v2\/types\/post"}],"author":[{"embeddable":true,"href":"https:\/\/tvbrazilusa.com\/pt\/wp-json\/wp\/v2\/users\/1"}],"replies":[{"embeddable":true,"href":"https:\/\/tvbrazilusa.com\/pt\/wp-json\/wp\/v2\/comments?post=97478"}],"version-history":[{"count":1,"href":"https:\/\/tvbrazilusa.com\/pt\/wp-json\/wp\/v2\/posts\/97478\/revisions"}],"predecessor-version":[{"id":97480,"href":"https:\/\/tvbrazilusa.com\/pt\/wp-json\/wp\/v2\/posts\/97478\/revisions\/97480"}],"wp:featuredmedia":[{"embeddable":true,"href":"https:\/\/tvbrazilusa.com\/pt\/wp-json\/wp\/v2\/media\/97479"}],"wp:attachment":[{"href":"https:\/\/tvbrazilusa.com\/pt\/wp-json\/wp\/v2\/media?parent=97478"}],"wp:term":[{"taxonomy":"category","embeddable":true,"href":"https:\/\/tvbrazilusa.com\/pt\/wp-json\/wp\/v2\/categories?post=97478"},{"taxonomy":"post_tag","embeddable":true,"href":"https:\/\/tvbrazilusa.com\/pt\/wp-json\/wp\/v2\/tags?post=97478"}],"curies":[{"name":"wp","href":"https:\/\/api.w.org\/{rel}","templated":true}]}}