{"id":97483,"date":"2025-01-30T20:13:49","date_gmt":"2025-01-30T20:13:49","guid":{"rendered":"https:\/\/tvbrazilusa.com\/2025\/01\/30\/mae-e-filha-sao-baleadas-dentro-de-casa-em-tentativa-de-assalto\/"},"modified":"2025-01-30T20:13:52","modified_gmt":"2025-01-30T20:13:52","slug":"mae-e-filha-sao-baleadas-dentro-de-casa-em-tentativa-de-assalto","status":"publish","type":"post","link":"https:\/\/tvbrazilusa.com\/pt\/2025\/01\/30\/mae-e-filha-sao-baleadas-dentro-de-casa-em-tentativa-de-assalto\/","title":{"rendered":"M\u00e3e e filha s\u00e3o baleadas dentro de casa em tentativa de assalto"},"content":{"rendered":"<p> <script async src=\"https:\/\/pagead2.googlesyndication.com\/pagead\/js\/adsbygoogle.js?client=ca-pub-8864793242727901\"\r\n     crossorigin=\"anonymous\"><\/script><br \/>\n<\/p>\n<div>\n<figure class=\"post-image\">\n<\/figure>\n<p>            <span style=\"font-size: 12px\">Reprodu\u00e7\u00e3o<\/span><\/p>\n<p>            <!-- end metas --><br \/>\n            <!-- ADS --><\/p>\n<div id=\"taboola-read-more\" style=\"display:block; width:100%\">\n<p>Duas mulheres \u2013m\u00e3e e filha\u2013 foram baleadas dentro de casa ap\u00f3s uma tentativa de assalto em S\u00e3o Miguel Paulista, na zona leste de S\u00e3o Paulo, na noite da \u00faltima quarta-feira (29). As duas foram socorridas para hospitais e a filha est\u00e1 internada em estado grave.\n<\/p>\n<p>Segundo a Secretaria de Seguran\u00e7a P\u00fablica, dois homens, de 31 e 27, anos foram presos por envolvimento no caso, que aconteceu na Rua Doutor Jos\u00e9 Guilherme.<\/p>\n<p>Ainda de acordo com a pasta, as v\u00edtimas foram levadas aos hospitais Tide Set\u00fabal e Ermelino Matarazzo.\n<\/p>\n<p>Tr\u00eas suspeitos foram localizados, sendo que um deles est\u00e1 preso. Os outros dois trocaram tiros com a pol\u00edcia: um morreu e um est\u00e1 internado. Foram apreendidas duas armas de fogo.\n<\/p>\n<p>O caso foi registrado no 63\u00b0 DP (Vila Jacu\u00ed), que acionou o Departamento de Homic\u00eddios e de Prote\u00e7\u00e3o \u00e0 Pessoa (DHPP).\n<\/p>\n<p>Fonte: CNN Brasil              <\/p>\n<\/div>\n<p>                        <!-- Scripts para conteudo --><\/p>\n<p>            <!-- .\/Scripts para conteudo --><br \/>\n            <!-- .\/Mat\u00e9ria --><\/p>\n<div class=\"row mt-3\">\n<div class=\"col-sm-6\">\n                <!-- Whatsapp channel 3--><br \/>\n                <a href=\"https:\/\/chat.whatsapp.com\/B8Qy6Erx4kb6yTzj3kaDco\" target=\"_blank\"><br \/>\n                  <img decoding=\"async\" src=\"https:\/\/diariodobrasilnoticias.com.br\/assets-site\/images\/bot_whatsapp.png\"\/><\/a>\n              <\/div>\n<div class=\"col-sm-6\">\n                <a href=\"https:\/\/t.me\/+_4gTmi5LKo03OTM5\" target=\"_blank\"><br \/>\n                  <img decoding=\"async\" src=\"https:\/\/diariodobrasilnoticias.com.br\/assets-site\/images\/bot_telegram.png\"\/><\/a>\n              <\/div>\n<\/p><\/div>\n<p>            <!-- end post-navigation --><\/p>\n<p>              <!-- end row --><\/p>\n<p>              <!-- end col-12-->\n                      <\/div>\n<p><br \/>\n<br \/><a href=\"https:\/\/diariodobrasilnoticias.com.br\/noticia\/mae-e-filha-sao-baleadas-dentro-de-casa-em-tentativa-de-assalto-679bc3c33cef5\">Source link <\/a><\/p>","protected":false},"excerpt":{"rendered":"<p>Reprodu\u00e7\u00e3o Duas mulheres \u2013m\u00e3e e filha\u2013 foram baleadas dentro de casa ap\u00f3s uma tentativa de assalto em S\u00e3o Miguel Paulista, na zona leste de S\u00e3o Paulo, na noite da \u00faltima&hellip;<\/p>","protected":false},"author":1,"featured_media":97484,"comment_status":"closed","ping_status":"open","sticky":false,"template":"","format":"standard","meta":{"content-type":"","footnotes":""},"categories":[16],"tags":[123,2448,5313,1267],"class_list":["post-97483","post","type-post","status-publish","format-standard","has-post-thumbnail","hentry","category-noticias","tag-brasil","tag-diario","tag-noticia","tag-noticias"],"_links":{"self":[{"href":"https:\/\/tvbrazilusa.com\/pt\/wp-json\/wp\/v2\/posts\/97483","targetHints":{"allow":["GET"]}}],"collection":[{"href":"https:\/\/tvbrazilusa.com\/pt\/wp-json\/wp\/v2\/posts"}],"about":[{"href":"https:\/\/tvbrazilusa.com\/pt\/wp-json\/wp\/v2\/types\/post"}],"author":[{"embeddable":true,"href":"https:\/\/tvbrazilusa.com\/pt\/wp-json\/wp\/v2\/users\/1"}],"replies":[{"embeddable":true,"href":"https:\/\/tvbrazilusa.com\/pt\/wp-json\/wp\/v2\/comments?post=97483"}],"version-history":[{"count":1,"href":"https:\/\/tvbrazilusa.com\/pt\/wp-json\/wp\/v2\/posts\/97483\/revisions"}],"predecessor-version":[{"id":97485,"href":"https:\/\/tvbrazilusa.com\/pt\/wp-json\/wp\/v2\/posts\/97483\/revisions\/97485"}],"wp:featuredmedia":[{"embeddable":true,"href":"https:\/\/tvbrazilusa.com\/pt\/wp-json\/wp\/v2\/media\/97484"}],"wp:attachment":[{"href":"https:\/\/tvbrazilusa.com\/pt\/wp-json\/wp\/v2\/media?parent=97483"}],"wp:term":[{"taxonomy":"category","embeddable":true,"href":"https:\/\/tvbrazilusa.com\/pt\/wp-json\/wp\/v2\/categories?post=97483"},{"taxonomy":"post_tag","embeddable":true,"href":"https:\/\/tvbrazilusa.com\/pt\/wp-json\/wp\/v2\/tags?post=97483"}],"curies":[{"name":"wp","href":"https:\/\/api.w.org\/{rel}","templated":true}]}}