{"id":97488,"date":"2025-01-30T20:25:30","date_gmt":"2025-01-30T20:25:30","guid":{"rendered":"https:\/\/tvbrazilusa.com\/2025\/01\/30\/fabio-de-mello-falece-aos-61-anos\/"},"modified":"2025-01-30T20:25:31","modified_gmt":"2025-01-30T20:25:31","slug":"fabio-de-mello-falece-aos-61-anos","status":"publish","type":"post","link":"https:\/\/tvbrazilusa.com\/pt\/2025\/01\/30\/fabio-de-mello-falece-aos-61-anos\/","title":{"rendered":"F\u00e1bio de Mello falece aos 61 anos"},"content":{"rendered":"<p> <script async src=\"https:\/\/pagead2.googlesyndication.com\/pagead\/js\/adsbygoogle.js?client=ca-pub-8864793242727901\"\r\n     crossorigin=\"anonymous\"><\/script><br \/>\n<\/p>\n<div id=\"taboola-read-more\" style=\"display:block; width:100%\">\n<p>Dentro do universo do samba, poucos gigantes t\u00eam um impacto t\u00e3o significativo quanto F\u00e1bio de Mello. Recentemente falecido aos 61 anos, ele deixa um legado de criatividade que transformou as comiss\u00f5es de frente das escolas de samba no Rio de Janeiro. Seu trabalho foi especialmente not\u00e1vel na Imperatriz Leopoldinense, onde sua genialidade foi celebrada por muito tempo.\n<\/p>\n<p>Nascido em Friburgo, F\u00e1bio come\u00e7ou sua jornada no carnaval no in\u00edcio dos anos 1990. Rosa Magalh\u00e3es, uma das carnavalescas mais respeitadas do pa\u00eds, foi quem o convidou para ingressar nesse mundo. Esse convite marcou o in\u00edcio de uma trajet\u00f3ria que destacaria suas habilidades e transformaria para sempre a est\u00e9tica de um dos maiores espet\u00e1culos do planeta.<\/p>\n<p><strong>As Inova\u00e7\u00f5es de F\u00e1bio de Mello<\/strong>\n<\/p>\n<p>Dentro do universo do samba, poucos gigantes t\u00eam um impacto t\u00e3o significativo quanto F\u00e1bio de Mello. Recentemente falecido aos 61 anos, ele deixa um legado de criatividade que transformou as comiss\u00f5es de frente das escolas de samba no Rio de Janeiro. Seu trabalho foi especialmente not\u00e1vel na Imperatriz Leopoldinense, onde sua genialidade foi celebrada por muito tempo.\n<\/p>\n<p>Nascido em Friburgo, F\u00e1bio come\u00e7ou sua jornada no carnaval no in\u00edcio dos anos 1990. Rosa Magalh\u00e3es, uma das carnavalescas mais respeitadas do pa\u00eds, foi quem o convidou para ingressar nesse mundo. Esse convite marcou o in\u00edcio de uma trajet\u00f3ria que destacaria suas habilidades e transformaria para sempre a est\u00e9tica de um dos maiores espet\u00e1culos do planeta.\n<\/p>\n<p><strong>As Inova\u00e7\u00f5es de F\u00e1bio de Mello<\/strong><br \/>Conhecido por transformar a avenida em um palco de grandiosidade e emo\u00e7\u00e3o, F\u00e1bio trazia um movimento coordenado de tirar o f\u00f4lego. Ele soube usar como ningu\u00e9m a extens\u00e3o da Marqu\u00eas de Sapuca\u00ed, criando apresenta\u00e7\u00f5es que eram verdadeiras obras de arte em movimento. Suas coreografias encantavam o p\u00fablico e os jurados com sequ\u00eancias harmoniosas de tirar o f\u00f4lego.\n<\/p>\n<p>Seu estilo inovador levou a Imperatriz Leopoldinense a conquistar uma sequ\u00eancia hist\u00f3rica de notas m\u00e1ximas sob sua lideran\u00e7a. As coreografias de F\u00e1bio eram memor\u00e1veis por incorporar elementos culturais e contar hist\u00f3rias de maneira visual e poderosa, ajudando a definir a identidade do carnaval moderno.\n<\/p>\n<p><strong>Reconhecimento do Trabalho de F\u00e1bio de Mello no Carnaval<\/strong><br \/>O talento de F\u00e1bio de Mello foi amplamente reconhecido. Ao longo de sua carreira, ele recebeu in\u00fameros pr\u00eamios, incluindo o cobi\u00e7ado Estandarte de Ouro em v\u00e1rias ocasi\u00f5es, atestando seu impacto duradouro nas comiss\u00f5es de frente. Sua determina\u00e7\u00e3o e supera\u00e7\u00e3o de desafios tornaram-no um exemplo de resili\u00eancia e dedica\u00e7\u00e3o.\n<\/p>\n<p>Al\u00e9m da Imperatriz, ele colaborou com outras escolas renomadas, como a Beija-Flor de Nil\u00f3polis e a Unidos do Viradouro, expandindo sua t\u00e9cnica inovadora e enriquecendo o carnaval como um todo com sua vis\u00e3o avan\u00e7ada de coreografia e apresenta\u00e7\u00e3o.\n<\/p>\n<p><strong>O Legado Duradouro de F\u00e1bio de Mello no Samba<\/strong><br \/>A perda de F\u00e1bio de Mello deixa uma lacuna no carnaval, mas suas contribui\u00e7\u00f5es pioneiras continuar\u00e3o a inspirar as novas gera\u00e7\u00f5es de core\u00f3grafos e apaixonados pelo samba. Seu legado continuar\u00e1 a inspirar e motivar aqueles que buscam expressar a magia do samba atrav\u00e9s da arte e da dan\u00e7a, assegurando que a tradi\u00e7\u00e3o do carnaval se mantenha vibrante e cheia de vida para as futuras gera\u00e7\u00f5es de foli\u00f5es e admiradores.\n<\/p>\n<p>Fonte: O Antagonitsa              <\/p>\n<\/div>\n<p><br \/>\n<br \/><a href=\"https:\/\/diariodobrasilnoticias.com.br\/noticia\/fabio-de-mello-falece-aos-61-anos-679bc51109d2e\">Source link <\/a><\/p>","protected":false},"excerpt":{"rendered":"<p>Dentro do universo do samba, poucos gigantes t\u00eam um impacto t\u00e3o significativo quanto F\u00e1bio de Mello. Recentemente falecido aos 61 anos, ele deixa um legado de criatividade que transformou as&hellip;<\/p>","protected":false},"author":1,"featured_media":97489,"comment_status":"closed","ping_status":"open","sticky":false,"template":"","format":"standard","meta":{"content-type":"","footnotes":""},"categories":[16],"tags":[123,2448,5313,1267],"class_list":["post-97488","post","type-post","status-publish","format-standard","has-post-thumbnail","hentry","category-noticias","tag-brasil","tag-diario","tag-noticia","tag-noticias"],"_links":{"self":[{"href":"https:\/\/tvbrazilusa.com\/pt\/wp-json\/wp\/v2\/posts\/97488","targetHints":{"allow":["GET"]}}],"collection":[{"href":"https:\/\/tvbrazilusa.com\/pt\/wp-json\/wp\/v2\/posts"}],"about":[{"href":"https:\/\/tvbrazilusa.com\/pt\/wp-json\/wp\/v2\/types\/post"}],"author":[{"embeddable":true,"href":"https:\/\/tvbrazilusa.com\/pt\/wp-json\/wp\/v2\/users\/1"}],"replies":[{"embeddable":true,"href":"https:\/\/tvbrazilusa.com\/pt\/wp-json\/wp\/v2\/comments?post=97488"}],"version-history":[{"count":1,"href":"https:\/\/tvbrazilusa.com\/pt\/wp-json\/wp\/v2\/posts\/97488\/revisions"}],"predecessor-version":[{"id":97490,"href":"https:\/\/tvbrazilusa.com\/pt\/wp-json\/wp\/v2\/posts\/97488\/revisions\/97490"}],"wp:featuredmedia":[{"embeddable":true,"href":"https:\/\/tvbrazilusa.com\/pt\/wp-json\/wp\/v2\/media\/97489"}],"wp:attachment":[{"href":"https:\/\/tvbrazilusa.com\/pt\/wp-json\/wp\/v2\/media?parent=97488"}],"wp:term":[{"taxonomy":"category","embeddable":true,"href":"https:\/\/tvbrazilusa.com\/pt\/wp-json\/wp\/v2\/categories?post=97488"},{"taxonomy":"post_tag","embeddable":true,"href":"https:\/\/tvbrazilusa.com\/pt\/wp-json\/wp\/v2\/tags?post=97488"}],"curies":[{"name":"wp","href":"https:\/\/api.w.org\/{rel}","templated":true}]}}