{"id":97493,"date":"2025-01-30T20:37:18","date_gmt":"2025-01-30T20:37:18","guid":{"rendered":"https:\/\/tvbrazilusa.com\/2025\/01\/30\/adolescente-pula-de-carro-em-movimento-por-desconfiar-do-trajeto-do-motorista-de-aplicativo-veja-video\/"},"modified":"2025-01-30T20:37:19","modified_gmt":"2025-01-30T20:37:19","slug":"adolescente-pula-de-carro-em-movimento-por-desconfiar-do-trajeto-do-motorista-de-aplicativo-veja-video","status":"publish","type":"post","link":"https:\/\/tvbrazilusa.com\/pt\/2025\/01\/30\/adolescente-pula-de-carro-em-movimento-por-desconfiar-do-trajeto-do-motorista-de-aplicativo-veja-video\/","title":{"rendered":"Adolescente pula de carro em movimento por desconfiar do trajeto do motorista de aplicativo; VEJA V\u00cdDEO"},"content":{"rendered":"<p> <script async src=\"https:\/\/pagead2.googlesyndication.com\/pagead\/js\/adsbygoogle.js?client=ca-pub-8864793242727901\"\r\n     crossorigin=\"anonymous\"><\/script><br \/>\n<\/p>\n<div id=\"taboola-read-more\" style=\"display:block; width:100%\">\n<p>O adolescente Heitor Alves viralizou depois de compartilhar o momento em que pulou de um carro em movimento por desconfiar do trajeto do motorista de aplicativo. \u201cFoi loucura da minha cabe\u00e7a. O cara era super gente boa, eu que sou louco!\u201d, reconheceu ele.\n<\/p>\n<p>O amigo Juan Correia, que tamb\u00e9m estava no carro, explicou: \u2018Ele achou que o motorista estava indo pelo caminho errado, mas na verdade estava certo.\u2019 Apesar do susto, Juan contou que o epis\u00f3dio acabou em risadas entre ele e o motorista. E pra quem t\u00e1 se perguntando: Juan n\u00e3o pulou porque reconheceu o caminho.<\/p>\n<p>A cena foi gravada pela c\u00e2mera de seguran\u00e7a instalada no carro do motorista e enviada ao rapaz depois do ocorrido, que compartilhou o momento no T1KT0K. Esse aqui deixou os pensamentos intrusivos vencerem, n\u00e9?!\n<\/p>\n<p><strong>ASSISTA:<\/strong>\n<\/p>\n<p>Fonte: @hugogloss \/ Instagram              <\/p>\n<\/div>\n<p><br \/>\n<br \/><a href=\"https:\/\/diariodobrasilnoticias.com.br\/noticia\/adolescente-pula-de-carro-em-movimento-por-desconfiar-do-trajeto-do-motorista-de-aplicativo-veja-video-679bc62f5af5a\">Source link <\/a><\/p>","protected":false},"excerpt":{"rendered":"<p>O adolescente Heitor Alves viralizou depois de compartilhar o momento em que pulou de um carro em movimento por desconfiar do trajeto do motorista de aplicativo. \u201cFoi loucura da minha&hellip;<\/p>","protected":false},"author":1,"featured_media":97494,"comment_status":"closed","ping_status":"open","sticky":false,"template":"","format":"standard","meta":{"content-type":"","footnotes":""},"categories":[16],"tags":[123,2448,5313,1267],"class_list":["post-97493","post","type-post","status-publish","format-standard","has-post-thumbnail","hentry","category-noticias","tag-brasil","tag-diario","tag-noticia","tag-noticias"],"_links":{"self":[{"href":"https:\/\/tvbrazilusa.com\/pt\/wp-json\/wp\/v2\/posts\/97493","targetHints":{"allow":["GET"]}}],"collection":[{"href":"https:\/\/tvbrazilusa.com\/pt\/wp-json\/wp\/v2\/posts"}],"about":[{"href":"https:\/\/tvbrazilusa.com\/pt\/wp-json\/wp\/v2\/types\/post"}],"author":[{"embeddable":true,"href":"https:\/\/tvbrazilusa.com\/pt\/wp-json\/wp\/v2\/users\/1"}],"replies":[{"embeddable":true,"href":"https:\/\/tvbrazilusa.com\/pt\/wp-json\/wp\/v2\/comments?post=97493"}],"version-history":[{"count":1,"href":"https:\/\/tvbrazilusa.com\/pt\/wp-json\/wp\/v2\/posts\/97493\/revisions"}],"predecessor-version":[{"id":97495,"href":"https:\/\/tvbrazilusa.com\/pt\/wp-json\/wp\/v2\/posts\/97493\/revisions\/97495"}],"wp:featuredmedia":[{"embeddable":true,"href":"https:\/\/tvbrazilusa.com\/pt\/wp-json\/wp\/v2\/media\/97494"}],"wp:attachment":[{"href":"https:\/\/tvbrazilusa.com\/pt\/wp-json\/wp\/v2\/media?parent=97493"}],"wp:term":[{"taxonomy":"category","embeddable":true,"href":"https:\/\/tvbrazilusa.com\/pt\/wp-json\/wp\/v2\/categories?post=97493"},{"taxonomy":"post_tag","embeddable":true,"href":"https:\/\/tvbrazilusa.com\/pt\/wp-json\/wp\/v2\/tags?post=97493"}],"curies":[{"name":"wp","href":"https:\/\/api.w.org\/{rel}","templated":true}]}}