{"id":97498,"date":"2025-01-30T20:48:36","date_gmt":"2025-01-30T20:48:36","guid":{"rendered":"https:\/\/tvbrazilusa.com\/2025\/01\/30\/trump-associa-acidente-nos-eua-a-funcionarios-de-politica-de-diversidade-entenda\/"},"modified":"2025-01-30T20:48:37","modified_gmt":"2025-01-30T20:48:37","slug":"trump-associa-acidente-nos-eua-a-funcionarios-de-politica-de-diversidade-entenda","status":"publish","type":"post","link":"https:\/\/tvbrazilusa.com\/pt\/2025\/01\/30\/trump-associa-acidente-nos-eua-a-funcionarios-de-politica-de-diversidade-entenda\/","title":{"rendered":"Trump associa acidente nos EUA a funcion\u00e1rios de pol\u00edtica de diversidade; ENTENDA"},"content":{"rendered":"<p> <script async src=\"https:\/\/pagead2.googlesyndication.com\/pagead\/js\/adsbygoogle.js?client=ca-pub-8864793242727901\"\r\n     crossorigin=\"anonymous\"><\/script><br \/>\n<\/p>\n<div id=\"taboola-read-more\" style=\"display:block; width:100%\">\n<p>O presidente dos Estados Unidos, Donald Trump, leu algumas manchetes enquanto falava nesta quinta-feira (30) sobre o acidente entre um avi\u00e3o comercial e um helic\u00f3ptero militar que deixou mais de 60 mortos, parecendo culpar, sem apresentar evid\u00eancias, um \u201cimpulso de diversidade\u201d na Administra\u00e7\u00e3o Federal de Avia\u00e7\u00e3o (FAA, na sigla em ingl\u00eas) pela colis\u00e3o.\n<\/p>\n<p>\u201cQuero ressaltar que v\u00e1rios artigos que apareceram antes de eu assumir o cargo. E aqui est\u00e1 um, o impulso de diversidade da FAA inclui foco na contrata\u00e7\u00e3o de pessoas com defici\u00eancias intelectuais e psiqui\u00e1tricas graves. Isso \u00e9 incr\u00edvel\u201d, comentou.<\/p>\n<p>\u201cE ent\u00e3o diz que a FAA diz que pessoas com defici\u00eancias graves s\u00e3o o segmento mais sub-representado da for\u00e7a de trabalho, disseram \u2018eles os querem, e eles os querem, eles podem ser controladores de tr\u00e1fego a\u00e9reo\u2019. Eu n\u00e3o acho. Isso foi em 14 de janeiro, ent\u00e3o foi uma semana antes de eu assumir o cargo. Eles fizeram um grande esfor\u00e7o para colocar diversidade no programa da FAA\u201d, acrescentou.\n<\/p>\n<p>\u201cPessoas brilhantes precisam estar nessas posi\u00e7\u00f5es [de tr\u00e1fego a\u00e9reo], e suas vidas s\u00e3o realmente encurtadas, muito substancialmente encurtadas por causa do estresse onde voc\u00ea tem muitos, muitos avi\u00f5es vindo em dire\u00e7\u00e3o a um alvo, e voc\u00ea precisa de um talento muito especial e um g\u00eanio muito especial para conseguir fazer isso\u201d, adicionou o presidente.\n<\/p>\n<p>Quando rep\u00f3rteres pediram para que Trump esclarecesse por que ele achava que um \u201cimpulso pela diversidade\u201d na Administra\u00e7\u00e3o Federal de Avia\u00e7\u00e3o estaria associado \u00e0 colis\u00e3o, ele apenas afirmou que \u201csimplesmente poderia ter sido\u201d.\n<\/p>\n<p>\u201cSimplesmente poderia ter sido. Temos um alto padr\u00e3o. Tivemos um padr\u00e3o mais alto, muito mais alto do que qualquer outra pessoa\u201d, pontuou.\n<\/p>\n<p>A CNN entrou em contato com a Associa\u00e7\u00e3o Nacional de Controladores de Tr\u00e1fego A\u00e9reo e aguarda retorno. O chefe do sindicato disse na quinta-feira que \u00e9 muito cedo para especular sobre a causa da colis\u00e3o.\n<\/p>\n<p>\u201cMais altos padr\u00f5es\u201d para sistema de avia\u00e7\u00e3o<br \/>Minutos antes, ele destacou que \u201cdevemos ter apenas os mais altos padr\u00f5es para aqueles que trabalham em nosso sistema de avia\u00e7\u00e3o\u201d.\n<\/p>\n<p>Em seguida, chamou padr\u00f5es do governo de Barack Obama de muito med\u00edocres.\n<\/p>\n<p>\u201cVoc\u00ea se lembra disso. Apenas a aptid\u00e3o mais alta. Eles t\u00eam que ter o mais alto intelecto e pessoas psicologicamente superiores foram autorizadas a se qualificar para controladores de tr\u00e1fego a\u00e9reo. Isso n\u00e3o era assim antes de chegar l\u00e1\u201d, adicionou.\n<\/p>\n<p>\u201cQuando cheguei em 2016, fiz essa mudan\u00e7a muito cedo, porque sempre senti que esse era um trabalho que, e outros empregos tamb\u00e9m, mas esse era um trabalho que tinha que ser de intelig\u00eancia superior, e n\u00f3s realmente n\u00e3o t\u00ednhamos isso. E n\u00f3s t\u00ednhamos. E ent\u00e3o, quando deixei o cargo e Biden assumiu, ele os mudou de volta para mais baixos do que nunca\u201d, acrescentou.\n<\/p>\n<p>\u201cA pol\u00edtica deles era horr\u00edvel\u201d, disse o presidente, \u201ce a pol\u00edtica deles era ainda pior\u201d.\n<\/p>\n<p>Fonte: CNN Brasil              <\/p>\n<\/div>\n<p><br \/>\n<br \/><a href=\"https:\/\/diariodobrasilnoticias.com.br\/noticia\/trump-associa-acidente-nos-eua-a-funcionarios-de-politica-de-diversidade-entenda-679bc7bc2e590\">Source link <\/a><\/p>","protected":false},"excerpt":{"rendered":"<p>O presidente dos Estados Unidos, Donald Trump, leu algumas manchetes enquanto falava nesta quinta-feira (30) sobre o acidente entre um avi\u00e3o comercial e um helic\u00f3ptero militar que deixou mais de&hellip;<\/p>","protected":false},"author":1,"featured_media":97499,"comment_status":"closed","ping_status":"open","sticky":false,"template":"","format":"standard","meta":{"content-type":"","footnotes":""},"categories":[16],"tags":[123,2448,5313,1267],"class_list":["post-97498","post","type-post","status-publish","format-standard","has-post-thumbnail","hentry","category-noticias","tag-brasil","tag-diario","tag-noticia","tag-noticias"],"_links":{"self":[{"href":"https:\/\/tvbrazilusa.com\/pt\/wp-json\/wp\/v2\/posts\/97498","targetHints":{"allow":["GET"]}}],"collection":[{"href":"https:\/\/tvbrazilusa.com\/pt\/wp-json\/wp\/v2\/posts"}],"about":[{"href":"https:\/\/tvbrazilusa.com\/pt\/wp-json\/wp\/v2\/types\/post"}],"author":[{"embeddable":true,"href":"https:\/\/tvbrazilusa.com\/pt\/wp-json\/wp\/v2\/users\/1"}],"replies":[{"embeddable":true,"href":"https:\/\/tvbrazilusa.com\/pt\/wp-json\/wp\/v2\/comments?post=97498"}],"version-history":[{"count":1,"href":"https:\/\/tvbrazilusa.com\/pt\/wp-json\/wp\/v2\/posts\/97498\/revisions"}],"predecessor-version":[{"id":97500,"href":"https:\/\/tvbrazilusa.com\/pt\/wp-json\/wp\/v2\/posts\/97498\/revisions\/97500"}],"wp:featuredmedia":[{"embeddable":true,"href":"https:\/\/tvbrazilusa.com\/pt\/wp-json\/wp\/v2\/media\/97499"}],"wp:attachment":[{"href":"https:\/\/tvbrazilusa.com\/pt\/wp-json\/wp\/v2\/media?parent=97498"}],"wp:term":[{"taxonomy":"category","embeddable":true,"href":"https:\/\/tvbrazilusa.com\/pt\/wp-json\/wp\/v2\/categories?post=97498"},{"taxonomy":"post_tag","embeddable":true,"href":"https:\/\/tvbrazilusa.com\/pt\/wp-json\/wp\/v2\/tags?post=97498"}],"curies":[{"name":"wp","href":"https:\/\/api.w.org\/{rel}","templated":true}]}}