{"id":97503,"date":"2025-01-30T21:03:19","date_gmt":"2025-01-30T21:03:19","guid":{"rendered":"https:\/\/tvbrazilusa.com\/2025\/01\/30\/trump-aprova-lei-que-torna-mais-facil-a-deportacao-de-imigrantes-ilegais\/"},"modified":"2025-01-30T21:03:21","modified_gmt":"2025-01-30T21:03:21","slug":"trump-aprova-lei-que-torna-mais-facil-a-deportacao-de-imigrantes-ilegais","status":"publish","type":"post","link":"https:\/\/tvbrazilusa.com\/pt\/2025\/01\/30\/trump-aprova-lei-que-torna-mais-facil-a-deportacao-de-imigrantes-ilegais\/","title":{"rendered":"Trump aprova lei que torna mais f\u00e1cil a deporta\u00e7\u00e3o de imigrantes ilegais"},"content":{"rendered":"<p> <script async src=\"https:\/\/pagead2.googlesyndication.com\/pagead\/js\/adsbygoogle.js?client=ca-pub-8864793242727901\"\r\n     crossorigin=\"anonymous\"><\/script><br \/>\n<\/p>\n<div id=\"taboola-read-more\" style=\"display:block; width:100%\">\n<p>O presidente dos Estados Unidos, Donald Trump, assinou nesta quarta-feira, 29, uma lei que permite que o Departamento de Seguran\u00e7a Interna norte-americano detenha e deporte imigrantes sem a necessidade de um julgamento formal.\n<\/p>\n<p>O projeto \u00e9 o primeiro sancionado pela segunda presid\u00eancia de Trump e surge em um momento em que ele promete uma aplica\u00e7\u00e3o mais rigorosa das leis de imigra\u00e7\u00e3o e um aumento dos mecanismos de dissuas\u00e3o \u00e0 migra\u00e7\u00e3o legal.<\/p>\n<p>Chamada de Lei Laken Riley, a proposta foi aprovada com apoio bipartid\u00e1rio. \u201c\u00c9 uma lei hist\u00f3rica que estamos implementando hoje, e ela salvar\u00e1 in\u00fameras vidas inocentes de americanos\u201d, comemorou Trump.\n<\/p>\n<p>A medida orienta a fiscaliza\u00e7\u00e3o da imigra\u00e7\u00e3o federal a deter e deportar imigrantes ilegais que sejam acusados de pequenos furtos, roubo de lojas, agress\u00e3o a policiais ou crimes que resultem na morte ou em ferimentos graves de outra pessoa.\n<\/p>\n<p>Quem foi Laken Riley<br \/>O projeto leva o nome de uma estudante de enfermagem do Estado da Ge\u00f3rgia que foi assassinada no ano passado por um homem venezuelano que estava nos EUA de forma ilegal. Sua morte se tornou um grito de protesto para os republicanos, que criticaram a abordagem do governo Biden em rela\u00e7\u00e3o \u00e0 seguran\u00e7a das fronteiras.\n<\/p>\n<p>O homem, Jos\u00e9 Ibarra, foi condenado \u00e0 pris\u00e3o perp\u00e9tua sem possibilidade de liberdade condicional. Ele j\u00e1 havia sido acusado de roubo em lojas em Nova York; os republicanos argumentam que a lei teria possibilitado sua deporta\u00e7\u00e3o mais cedo e evitado o assassinato de Riley.\n<\/p>\n<p>Fonte: Revista Oeste              <\/p>\n<\/div>\n<p><br \/>\n<br \/><a href=\"https:\/\/diariodobrasilnoticias.com.br\/noticia\/trump-aprova-lei-que-torna-mais-facil-a-deportacao-de-imigrantes-ilegais-679bc75591fbf\">Source link <\/a><\/p>","protected":false},"excerpt":{"rendered":"<p>O presidente dos Estados Unidos, Donald Trump, assinou nesta quarta-feira, 29, uma lei que permite que o Departamento de Seguran\u00e7a Interna norte-americano detenha e deporte imigrantes sem a necessidade de&hellip;<\/p>","protected":false},"author":1,"featured_media":97504,"comment_status":"closed","ping_status":"open","sticky":false,"template":"","format":"standard","meta":{"content-type":"","footnotes":""},"categories":[16],"tags":[123,2448,5313,1267],"class_list":["post-97503","post","type-post","status-publish","format-standard","has-post-thumbnail","hentry","category-noticias","tag-brasil","tag-diario","tag-noticia","tag-noticias"],"_links":{"self":[{"href":"https:\/\/tvbrazilusa.com\/pt\/wp-json\/wp\/v2\/posts\/97503","targetHints":{"allow":["GET"]}}],"collection":[{"href":"https:\/\/tvbrazilusa.com\/pt\/wp-json\/wp\/v2\/posts"}],"about":[{"href":"https:\/\/tvbrazilusa.com\/pt\/wp-json\/wp\/v2\/types\/post"}],"author":[{"embeddable":true,"href":"https:\/\/tvbrazilusa.com\/pt\/wp-json\/wp\/v2\/users\/1"}],"replies":[{"embeddable":true,"href":"https:\/\/tvbrazilusa.com\/pt\/wp-json\/wp\/v2\/comments?post=97503"}],"version-history":[{"count":1,"href":"https:\/\/tvbrazilusa.com\/pt\/wp-json\/wp\/v2\/posts\/97503\/revisions"}],"predecessor-version":[{"id":97505,"href":"https:\/\/tvbrazilusa.com\/pt\/wp-json\/wp\/v2\/posts\/97503\/revisions\/97505"}],"wp:featuredmedia":[{"embeddable":true,"href":"https:\/\/tvbrazilusa.com\/pt\/wp-json\/wp\/v2\/media\/97504"}],"wp:attachment":[{"href":"https:\/\/tvbrazilusa.com\/pt\/wp-json\/wp\/v2\/media?parent=97503"}],"wp:term":[{"taxonomy":"category","embeddable":true,"href":"https:\/\/tvbrazilusa.com\/pt\/wp-json\/wp\/v2\/categories?post=97503"},{"taxonomy":"post_tag","embeddable":true,"href":"https:\/\/tvbrazilusa.com\/pt\/wp-json\/wp\/v2\/tags?post=97503"}],"curies":[{"name":"wp","href":"https:\/\/api.w.org\/{rel}","templated":true}]}}