{"id":97506,"date":"2025-01-30T21:19:46","date_gmt":"2025-01-30T21:19:46","guid":{"rendered":"https:\/\/tvbrazilusa.com\/2025\/01\/30\/lula-nega-rombo-e-ainda-diz-nao-havera-veja-video\/"},"modified":"2025-01-30T21:19:48","modified_gmt":"2025-01-30T21:19:48","slug":"lula-nega-rombo-e-ainda-diz-nao-havera-veja-video","status":"publish","type":"post","link":"https:\/\/tvbrazilusa.com\/pt\/2025\/01\/30\/lula-nega-rombo-e-ainda-diz-nao-havera-veja-video\/","title":{"rendered":"Lula nega rombo e ainda diz: &#8216;N\u00e3o haver\u00e1&#8217;; VEJA V\u00cdDEO"},"content":{"rendered":"<p> <script async src=\"https:\/\/pagead2.googlesyndication.com\/pagead\/js\/adsbygoogle.js?client=ca-pub-8864793242727901\"\r\n     crossorigin=\"anonymous\"><\/script><br \/>\n<br \/>Lula (PT) realizou coletiva de imprensa no Pal\u00e1cio do Planalto nesta quinta-feira (30\/1)<br \/>\n<br \/><br \/>\n<br \/><a href=\"https:\/\/diariodobrasilnoticias.com.br\/noticia\/lula-nega-rombo-e-ainda-diz-nao-havera-veja-video-679bca087608a\">Source link <\/a><\/p>","protected":false},"excerpt":{"rendered":"<p>Lula (PT) realizou coletiva de imprensa no Pal\u00e1cio do Planalto nesta quinta-feira (30\/1) Source link<\/p>","protected":false},"author":1,"featured_media":97507,"comment_status":"closed","ping_status":"open","sticky":false,"template":"","format":"standard","meta":{"content-type":"","footnotes":""},"categories":[16],"tags":[123,2448,5313,1267],"class_list":["post-97506","post","type-post","status-publish","format-standard","has-post-thumbnail","hentry","category-noticias","tag-brasil","tag-diario","tag-noticia","tag-noticias"],"_links":{"self":[{"href":"https:\/\/tvbrazilusa.com\/pt\/wp-json\/wp\/v2\/posts\/97506","targetHints":{"allow":["GET"]}}],"collection":[{"href":"https:\/\/tvbrazilusa.com\/pt\/wp-json\/wp\/v2\/posts"}],"about":[{"href":"https:\/\/tvbrazilusa.com\/pt\/wp-json\/wp\/v2\/types\/post"}],"author":[{"embeddable":true,"href":"https:\/\/tvbrazilusa.com\/pt\/wp-json\/wp\/v2\/users\/1"}],"replies":[{"embeddable":true,"href":"https:\/\/tvbrazilusa.com\/pt\/wp-json\/wp\/v2\/comments?post=97506"}],"version-history":[{"count":1,"href":"https:\/\/tvbrazilusa.com\/pt\/wp-json\/wp\/v2\/posts\/97506\/revisions"}],"predecessor-version":[{"id":97508,"href":"https:\/\/tvbrazilusa.com\/pt\/wp-json\/wp\/v2\/posts\/97506\/revisions\/97508"}],"wp:featuredmedia":[{"embeddable":true,"href":"https:\/\/tvbrazilusa.com\/pt\/wp-json\/wp\/v2\/media\/97507"}],"wp:attachment":[{"href":"https:\/\/tvbrazilusa.com\/pt\/wp-json\/wp\/v2\/media?parent=97506"}],"wp:term":[{"taxonomy":"category","embeddable":true,"href":"https:\/\/tvbrazilusa.com\/pt\/wp-json\/wp\/v2\/categories?post=97506"},{"taxonomy":"post_tag","embeddable":true,"href":"https:\/\/tvbrazilusa.com\/pt\/wp-json\/wp\/v2\/tags?post=97506"}],"curies":[{"name":"wp","href":"https:\/\/api.w.org\/{rel}","templated":true}]}}