{"id":97509,"date":"2025-01-30T21:31:49","date_gmt":"2025-01-30T21:31:49","guid":{"rendered":"https:\/\/tvbrazilusa.com\/2025\/01\/30\/o-patrimonio-de-silveira-bloqueado-por-moraes\/"},"modified":"2025-01-30T21:31:51","modified_gmt":"2025-01-30T21:31:51","slug":"o-patrimonio-de-silveira-bloqueado-por-moraes","status":"publish","type":"post","link":"https:\/\/tvbrazilusa.com\/pt\/2025\/01\/30\/o-patrimonio-de-silveira-bloqueado-por-moraes\/","title":{"rendered":"O patrim\u00f4nio de Silveira bloqueado por Moraes"},"content":{"rendered":"<p> <script async src=\"https:\/\/pagead2.googlesyndication.com\/pagead\/js\/adsbygoogle.js?client=ca-pub-8864793242727901\"\r\n     crossorigin=\"anonymous\"><\/script><br \/>\n<\/p>\n<div id=\"taboola-read-more\" style=\"display:block; width:100%\">\n<p>Em maio de 2022, o Supremo Tribunal Federal (STF) bloqueou o patrim\u00f4nio de Daniel Silveira.\n<\/p>\n<p>No m\u00eas anterior, a Corte condenou o ex-deputado a oito anos e nove meses de pris\u00e3o, pelos crimes de amea\u00e7a ao Estado Democr\u00e1tico de Direito e coa\u00e7\u00e3o no curso do processo.<\/p>\n<p>\u201cA decreta\u00e7\u00e3o da indisponibilidade dos bens destina-se a garantir o pagamento das multas processuais aplicadas em decorr\u00eancia das viola\u00e7\u00f5es \u00e0s medidas cautelares impostas, de modo que est\u00e3o plenamente atendidos os requisitos necess\u00e1rios para a referida provid\u00eancia\u201d, argumentou o ministro Alexandre de Moraes, \u00e0 \u00e9poca.\n<\/p>\n<p>Conforme o levantamento mais recente da defesa, Silveira tem aproximadamente R$ 1.191.000,00 em bens m\u00f3veis e im\u00f3veis congelados por Moraes, al\u00e9m de sal\u00e1rios que recebia quanto tinha mandato parlamentar.\n<\/p>\n<p><strong>Defesa de Daniel Silveira reitera cobran\u00e7a de indulto para o ex-deputado<\/strong>\n<\/p>\n<p>Na tarde de ontem, o advogado Michael Robert cobrou de Moraes a an\u00e1lise dos mais de dez pedidos de indulto para Silveira.\n<\/p>\n<p>Conforme a defesa do ex-deputado, composta de Robert, Paulo Faria, Paola Silva e Sebasti\u00e3o Coelho, o benef\u00edcio natalino concedido pelo presidente Lula a detentos, no ano passado, abrange Silveira.\n<\/p>\n<p>\u201cRequer, nos termos do art. 9\u00ba, inciso VIII, C\/C art. 15\u00ba, \u00a7 3\u00ba e 4\u00ba, do Decreto 12.338\/2024, sejam imediatamente apreciados os pedidos de indulto feitos at\u00e9 essa data\u201d, pediu Robert, na peti\u00e7\u00e3o.\n<\/p>\n<p>Fonte: Revista Oeste              <\/p>\n<\/div>\n<p><br \/>\n<br \/><a href=\"https:\/\/diariodobrasilnoticias.com.br\/noticia\/o-patrimonio-de-silveira-bloqueado-por-moraes-679bc83a001f5\">Source link <\/a><\/p>","protected":false},"excerpt":{"rendered":"<p>Em maio de 2022, o Supremo Tribunal Federal (STF) bloqueou o patrim\u00f4nio de Daniel Silveira. No m\u00eas anterior, a Corte condenou o ex-deputado a oito anos e nove meses de&hellip;<\/p>","protected":false},"author":1,"featured_media":97510,"comment_status":"closed","ping_status":"open","sticky":false,"template":"","format":"standard","meta":{"content-type":"","footnotes":""},"categories":[16],"tags":[123,2448,5313,1267],"class_list":["post-97509","post","type-post","status-publish","format-standard","has-post-thumbnail","hentry","category-noticias","tag-brasil","tag-diario","tag-noticia","tag-noticias"],"_links":{"self":[{"href":"https:\/\/tvbrazilusa.com\/pt\/wp-json\/wp\/v2\/posts\/97509","targetHints":{"allow":["GET"]}}],"collection":[{"href":"https:\/\/tvbrazilusa.com\/pt\/wp-json\/wp\/v2\/posts"}],"about":[{"href":"https:\/\/tvbrazilusa.com\/pt\/wp-json\/wp\/v2\/types\/post"}],"author":[{"embeddable":true,"href":"https:\/\/tvbrazilusa.com\/pt\/wp-json\/wp\/v2\/users\/1"}],"replies":[{"embeddable":true,"href":"https:\/\/tvbrazilusa.com\/pt\/wp-json\/wp\/v2\/comments?post=97509"}],"version-history":[{"count":1,"href":"https:\/\/tvbrazilusa.com\/pt\/wp-json\/wp\/v2\/posts\/97509\/revisions"}],"predecessor-version":[{"id":97511,"href":"https:\/\/tvbrazilusa.com\/pt\/wp-json\/wp\/v2\/posts\/97509\/revisions\/97511"}],"wp:featuredmedia":[{"embeddable":true,"href":"https:\/\/tvbrazilusa.com\/pt\/wp-json\/wp\/v2\/media\/97510"}],"wp:attachment":[{"href":"https:\/\/tvbrazilusa.com\/pt\/wp-json\/wp\/v2\/media?parent=97509"}],"wp:term":[{"taxonomy":"category","embeddable":true,"href":"https:\/\/tvbrazilusa.com\/pt\/wp-json\/wp\/v2\/categories?post=97509"},{"taxonomy":"post_tag","embeddable":true,"href":"https:\/\/tvbrazilusa.com\/pt\/wp-json\/wp\/v2\/tags?post=97509"}],"curies":[{"name":"wp","href":"https:\/\/api.w.org\/{rel}","templated":true}]}}