{"id":97512,"date":"2025-01-30T21:16:15","date_gmt":"2025-01-30T21:16:15","guid":{"rendered":"https:\/\/tvbrazilusa.com\/2025\/01\/30\/fl-pilot-entre-os-mortos-no-aviao-dc-crash-de-helicoptero-relatorios\/"},"modified":"2025-01-30T21:39:15","modified_gmt":"2025-01-30T21:39:15","slug":"fl-pilot-entre-os-mortos-no-aviao-dc-crash-de-helicoptero-relatorios","status":"publish","type":"post","link":"https:\/\/tvbrazilusa.com\/pt\/2025\/01\/30\/fl-pilot-entre-os-mortos-no-aviao-dc-crash-de-helicoptero-relatorios\/","title":{"rendered":"FL Pilot entre os mortos no avi\u00e3o DC, Crash de helic\u00f3ptero: Relat\u00f3rios"},"content":{"rendered":"<p> <script async src=\"https:\/\/pagead2.googlesyndication.com\/pagead\/js\/adsbygoogle.js?client=ca-pub-8864793242727901\"\r\n     crossorigin=\"anonymous\"><\/script><br \/>\n<\/p>\n<div>\n<p>WASHINGTON, DC &#8211; Um piloto da Fl\u00f3rida est\u00e1 entre os presumidos mortos em um acidente de quarta -feira \u00e0 noite, envolvendo um jato de passageiros da American Airlines e um helic\u00f3ptero militar na \u00e1rea de Washington, DC, segundo v\u00e1rios relat\u00f3rios.<\/p>\n<\/div>\n<div>\n<p>O v\u00f4o de passageiros da American Airlines e um UH-60 Blackhawk, com uma equipe de tr\u00eas, colidiram por volta das 20h48 na noite de quarta-feira pelo rio Potomac, perto do Aeroporto Nacional Ronald Reagan Washington, em condi\u00e7\u00f5es clim\u00e1ticas claras. As autoridades disseram que ambas as aeronaves estavam em padr\u00f5es normais de v\u00f4o quando colidiram.<\/p>\n<p>Pelo menos 28 corpos foram retirados do rio Potomac a partir do meio -dia de quinta -feira. Nenhum sobrevivente \u00e9 esperado. <\/p>\n<\/div>\n<div>\n<p><strong>Leia tamb\u00e9m:<\/strong><\/p>\n<p><a href=\"https:\/\/patch.com\/virginia\/arlington-va\/no-survivors-expected-following-jet-crash-reagan-airport\"\/>Os membros da fam\u00edlia identificaram os dois pilotos do avi\u00e3o como o capit\u00e3o Jonathan Campos, 34, nascido em Nova York, mas cresceu na Fl\u00f3rida, e o primeiro oficial Sam Lilley, 28, que tem la\u00e7os com a Savannah, Georgia, \u00e1rea, <a href=\"https:\/\/www.dailymail.co.uk\/news\/article-14343183\/pilot-jonathan-campos-officer-samuel-lilley-doomed-American-Eagle-jet-DC-plane-crash-revealed.html\" target=\"_blank\" rel=\"nofollow\">O Daily Mail<\/a> relatado. <\/p>\n<\/div>\n<div>\n<p>Campos est\u00e1 na American Airlines desde 2022, <a href=\"https:\/\/www.cnn.com\/us\/live-news\/plane-crash-dca-potomac-washington-dc-01-29-25\/index.html?t=1738266701393\" target=\"_blank\" rel=\"nofollow\">A CNN disse<\/a>.<\/p>\n<p>A tia do morador de Ormond Beach <a href=\"https:\/\/www.clickorlando.com\/news\/local\/2025\/01\/30\/ormond-beach-man-among-victims-in-tragic-american-airlines-crash-with-army-helicopter\/\" target=\"_blank\" rel=\"nofollow\">identificou -o para as not\u00edcias 6<\/a>. Ela disse que v\u00e1rios membros da fam\u00edlia viajaram para Washington, DC, ap\u00f3s o acidente mortal.<\/p>\n<\/div>\n<div>\n<p>Campos foi certificado como instrutor de v\u00f4o em 2017 na Epic Flight Academy em New Smyrna Beach e depois como piloto de companhias a\u00e9reas comerciais um ano depois, disseram relat\u00f3rios.<\/p>\n<p>Sua alma mater divulgou um coment\u00e1rio sobre Campos, que tamb\u00e9m era piloto de helic\u00f3ptero e mec\u00e2nico de avia\u00e7\u00e3o certificado, disseram relat\u00f3rios.<\/p>\n<\/div>\n<div>\n<p>\u201cA Universidade Aeron\u00e1utica Embry-Riddle est\u00e1 profundamente triste ao saber da morte do capit\u00e3o Jonathan Campos (Sciences Aeron\u00e1uticos, 15). Nossos pensamentos est\u00e3o com sua fam\u00edlia e as fam\u00edlias e entes queridos de todos impactados por esse tr\u00e1gico acidente \u201d, afirmou a escola, de acordo com o News 6.<\/p>\n<p><a href=\"https:\/\/patch.com\/virginia\/arlington-va\/topics\/reagan-airport-crash-2025\"><strong>Mais sobre o acidente pode ser encontrado aqui.<\/strong><\/a><\/p>\n<p><strong>Veja tamb\u00e9m:<\/strong><\/p>\n<\/p><\/div>\n<p><br \/>\n<br \/><a href=\"http:\/\/patch.com\/florida\/orlando\/fl-pilot-among-those-killed-dc-plane-helicopter-crash-reports?utm_source=article-mostrecent&#038;utm_medium=rss&#038;utm_term=crime%20%26%20safety&#038;utm_campaign=recirc&#038;utm_content=aol\">Source link <\/a><\/p>","protected":false},"excerpt":{"rendered":"<p>WASHINGTON, DC &#8211; Um piloto da Fl\u00f3rida est\u00e1 entre os presumidos mortos em um acidente de quarta -feira \u00e0 noite, envolvendo um jato de passageiros da American Airlines e um&hellip;<\/p>","protected":false},"author":1,"featured_media":97513,"comment_status":"closed","ping_status":"open","sticky":false,"template":"","format":"standard","meta":{"content-type":"","footnotes":""},"categories":[1],"tags":[],"class_list":["post-97512","post","type-post","status-publish","format-standard","has-post-thumbnail","hentry","category-uncategorized"],"_links":{"self":[{"href":"https:\/\/tvbrazilusa.com\/pt\/wp-json\/wp\/v2\/posts\/97512","targetHints":{"allow":["GET"]}}],"collection":[{"href":"https:\/\/tvbrazilusa.com\/pt\/wp-json\/wp\/v2\/posts"}],"about":[{"href":"https:\/\/tvbrazilusa.com\/pt\/wp-json\/wp\/v2\/types\/post"}],"author":[{"embeddable":true,"href":"https:\/\/tvbrazilusa.com\/pt\/wp-json\/wp\/v2\/users\/1"}],"replies":[{"embeddable":true,"href":"https:\/\/tvbrazilusa.com\/pt\/wp-json\/wp\/v2\/comments?post=97512"}],"version-history":[{"count":1,"href":"https:\/\/tvbrazilusa.com\/pt\/wp-json\/wp\/v2\/posts\/97512\/revisions"}],"predecessor-version":[{"id":97514,"href":"https:\/\/tvbrazilusa.com\/pt\/wp-json\/wp\/v2\/posts\/97512\/revisions\/97514"}],"wp:featuredmedia":[{"embeddable":true,"href":"https:\/\/tvbrazilusa.com\/pt\/wp-json\/wp\/v2\/media\/97513"}],"wp:attachment":[{"href":"https:\/\/tvbrazilusa.com\/pt\/wp-json\/wp\/v2\/media?parent=97512"}],"wp:term":[{"taxonomy":"category","embeddable":true,"href":"https:\/\/tvbrazilusa.com\/pt\/wp-json\/wp\/v2\/categories?post=97512"},{"taxonomy":"post_tag","embeddable":true,"href":"https:\/\/tvbrazilusa.com\/pt\/wp-json\/wp\/v2\/tags?post=97512"}],"curies":[{"name":"wp","href":"https:\/\/api.w.org\/{rel}","templated":true}]}}