{"id":97515,"date":"2025-01-30T21:43:31","date_gmt":"2025-01-30T21:43:31","guid":{"rendered":"https:\/\/tvbrazilusa.com\/2025\/01\/30\/homem-com-mandado-de-prisao-liga-para-pm-e-pede-para-se-entregar-nao-queria-ser-preso-na-frente-da-mae\/"},"modified":"2025-01-30T21:43:32","modified_gmt":"2025-01-30T21:43:32","slug":"homem-com-mandado-de-prisao-liga-para-pm-e-pede-para-se-entregar-nao-queria-ser-preso-na-frente-da-mae","status":"publish","type":"post","link":"https:\/\/tvbrazilusa.com\/pt\/2025\/01\/30\/homem-com-mandado-de-prisao-liga-para-pm-e-pede-para-se-entregar-nao-queria-ser-preso-na-frente-da-mae\/","title":{"rendered":"Homem com mandado de pris\u00e3o liga para PM e pede para se entregar: &#8216;N\u00e3o queria ser preso na frente da m\u00e3e&#8217;"},"content":{"rendered":"<p> <script async src=\"https:\/\/pagead2.googlesyndication.com\/pagead\/js\/adsbygoogle.js?client=ca-pub-8864793242727901\"\r\n     crossorigin=\"anonymous\"><\/script><br \/>\n<\/p>\n<div id=\"taboola-read-more\" style=\"display:block; width:100%\">\n<p>Um homem de 30 anos foi preso ap\u00f3s ligar para a Pol\u00edcia Militar e informar que era alvo de um mandado de pris\u00e3o em Aragua\u00edna, regi\u00e3o norte do estado. A Secretaria de Seguran\u00e7a P\u00fablica (SSP), afirmou que o motivo da pris\u00e3o ocorreu por d\u00edvida com pens\u00e3o aliment\u00edcia. Situa\u00e7\u00e3o surpreendeu at\u00e9 os policiais que atenderam a ocorr\u00eancia.\n<\/p>\n<p>O nome dele n\u00e3o foi divulgado, por isso o g1 n\u00e3o conseguiu o contato da defesa.<\/p>\n<p>A pris\u00e3o aconteceu por volta das 22h40 desta ter\u00e7a-feira (28), no setor Ana Maria. De acordo com a PM, o homem teria acionado as equipes informando que era alvo de mandado de pris\u00e3o e que gostaria de se entregar.\n<\/p>\n<p>Em entrevista gravada pela p\u00e1gina Alta Tens\u00e3o, o tenente Guedes da Pol\u00edcia Militar informou que o homem estava esperando a viatura. Ele explicou que n\u00e3o queria que a pol\u00edcia fosse procur\u00e1-lo na casa de sua m\u00e3e ou acabar sendo preso na frente dela.\n<\/p>\n<p>\u201cEle falou que tinha esse mandado em aberto por pens\u00e3o aliment\u00edcia e estava ali para que a pol\u00edcia cumprisse o seu dever. Ele queria pagar pelo erro dele. Ele falou tamb\u00e9m que preferiu agir dessa maneira, se entregando logo, porque n\u00e3o queria ser preso na frente da m\u00e3e dele. N\u00e3o queria que a m\u00e3e tivesse o dissabor de ver ele preso na casa nova dela e por isso resolveu se entregar para a pol\u00edcia\u201d, disse o tenente.\n<\/p>\n<p>O militar comentou que essa foi a primeira vez que viu algu\u00e9m ligando para a pol\u00edcia para ser preso.\n<\/p>\n<p>&#8220;N\u00e3o tinha visto quando o cidad\u00e3o toma essa atitude. Ele ligou no 190 dizendo que tinha um mandado de pris\u00e3o aberto contra ele e tinha o desejo de se entregar \u00e0 pol\u00edcia&#8221;.<br \/>A Secretaria da Seguran\u00e7a P\u00fablica informou que o mandado de pris\u00e3o foi expedido pela Comarca de Filad\u00e9lfia. Preso, o homem passou pelos procedimentos legais e foi levado para a Unidade Penal de Aragua\u00edna, onde ficar\u00e1 \u00e0 disposi\u00e7\u00e3o da Justi\u00e7a.\n<\/p>\n<p>Fonte: G1              <\/p>\n<\/div>\n<p><br \/>\n<br \/><a href=\"https:\/\/diariodobrasilnoticias.com.br\/noticia\/homem-com-mandado-de-prisao-liga-para-pm-e-pede-para-se-entregar-nao-queria-ser-preso-na-frente-da-mae-679bc417be93b\">Source link <\/a><\/p>","protected":false},"excerpt":{"rendered":"<p>Um homem de 30 anos foi preso ap\u00f3s ligar para a Pol\u00edcia Militar e informar que era alvo de um mandado de pris\u00e3o em Aragua\u00edna, regi\u00e3o norte do estado. A&hellip;<\/p>","protected":false},"author":1,"featured_media":97516,"comment_status":"closed","ping_status":"open","sticky":false,"template":"","format":"standard","meta":{"content-type":"","footnotes":""},"categories":[16],"tags":[123,2448,5313,1267],"class_list":["post-97515","post","type-post","status-publish","format-standard","has-post-thumbnail","hentry","category-noticias","tag-brasil","tag-diario","tag-noticia","tag-noticias"],"_links":{"self":[{"href":"https:\/\/tvbrazilusa.com\/pt\/wp-json\/wp\/v2\/posts\/97515","targetHints":{"allow":["GET"]}}],"collection":[{"href":"https:\/\/tvbrazilusa.com\/pt\/wp-json\/wp\/v2\/posts"}],"about":[{"href":"https:\/\/tvbrazilusa.com\/pt\/wp-json\/wp\/v2\/types\/post"}],"author":[{"embeddable":true,"href":"https:\/\/tvbrazilusa.com\/pt\/wp-json\/wp\/v2\/users\/1"}],"replies":[{"embeddable":true,"href":"https:\/\/tvbrazilusa.com\/pt\/wp-json\/wp\/v2\/comments?post=97515"}],"version-history":[{"count":1,"href":"https:\/\/tvbrazilusa.com\/pt\/wp-json\/wp\/v2\/posts\/97515\/revisions"}],"predecessor-version":[{"id":97517,"href":"https:\/\/tvbrazilusa.com\/pt\/wp-json\/wp\/v2\/posts\/97515\/revisions\/97517"}],"wp:featuredmedia":[{"embeddable":true,"href":"https:\/\/tvbrazilusa.com\/pt\/wp-json\/wp\/v2\/media\/97516"}],"wp:attachment":[{"href":"https:\/\/tvbrazilusa.com\/pt\/wp-json\/wp\/v2\/media?parent=97515"}],"wp:term":[{"taxonomy":"category","embeddable":true,"href":"https:\/\/tvbrazilusa.com\/pt\/wp-json\/wp\/v2\/categories?post=97515"},{"taxonomy":"post_tag","embeddable":true,"href":"https:\/\/tvbrazilusa.com\/pt\/wp-json\/wp\/v2\/tags?post=97515"}],"curies":[{"name":"wp","href":"https:\/\/api.w.org\/{rel}","templated":true}]}}