{"id":97518,"date":"2025-01-30T21:55:51","date_gmt":"2025-01-30T21:55:51","guid":{"rendered":"https:\/\/tvbrazilusa.com\/2025\/01\/30\/terroristas-islamicos-ameacam-colocar-fogo-na-catedral-notre-dame-veja-video\/"},"modified":"2025-01-30T21:55:52","modified_gmt":"2025-01-30T21:55:52","slug":"terroristas-islamicos-ameacam-colocar-fogo-na-catedral-notre-dame-veja-video","status":"publish","type":"post","link":"https:\/\/tvbrazilusa.com\/pt\/2025\/01\/30\/terroristas-islamicos-ameacam-colocar-fogo-na-catedral-notre-dame-veja-video\/","title":{"rendered":"Terroristas isl\u00e2micos amea\u00e7am colocar fogo na catedral Notre-Dame; VEJA V\u00cdDEO"},"content":{"rendered":"<p> <script async src=\"https:\/\/pagead2.googlesyndication.com\/pagead\/js\/adsbygoogle.js?client=ca-pub-8864793242727901\"\r\n     crossorigin=\"anonymous\"><\/script><br \/>\n<br \/>&#8221;Caso as autoridades francesas n\u00e3o libertem um autor de um atentado terrorista que esfaqueou m\u00faltiplas v\u00edtimas&#8217;<br \/>\n<br \/><br \/>\n<br \/><a href=\"https:\/\/diariodobrasilnoticias.com.br\/noticia\/terroristas-islamicos-ameacam-colocar-fogo-na-catedal-notre-dame-veja-video-679be42967cd3\">Source link <\/a><\/p>","protected":false},"excerpt":{"rendered":"<p>&#8221;Caso as autoridades francesas n\u00e3o libertem um autor de um atentado terrorista que esfaqueou m\u00faltiplas v\u00edtimas&#8217; Source link<\/p>","protected":false},"author":1,"featured_media":97519,"comment_status":"closed","ping_status":"open","sticky":false,"template":"","format":"standard","meta":{"content-type":"","footnotes":""},"categories":[16],"tags":[123,2448,5313,1267],"class_list":["post-97518","post","type-post","status-publish","format-standard","has-post-thumbnail","hentry","category-noticias","tag-brasil","tag-diario","tag-noticia","tag-noticias"],"_links":{"self":[{"href":"https:\/\/tvbrazilusa.com\/pt\/wp-json\/wp\/v2\/posts\/97518","targetHints":{"allow":["GET"]}}],"collection":[{"href":"https:\/\/tvbrazilusa.com\/pt\/wp-json\/wp\/v2\/posts"}],"about":[{"href":"https:\/\/tvbrazilusa.com\/pt\/wp-json\/wp\/v2\/types\/post"}],"author":[{"embeddable":true,"href":"https:\/\/tvbrazilusa.com\/pt\/wp-json\/wp\/v2\/users\/1"}],"replies":[{"embeddable":true,"href":"https:\/\/tvbrazilusa.com\/pt\/wp-json\/wp\/v2\/comments?post=97518"}],"version-history":[{"count":1,"href":"https:\/\/tvbrazilusa.com\/pt\/wp-json\/wp\/v2\/posts\/97518\/revisions"}],"predecessor-version":[{"id":97520,"href":"https:\/\/tvbrazilusa.com\/pt\/wp-json\/wp\/v2\/posts\/97518\/revisions\/97520"}],"wp:featuredmedia":[{"embeddable":true,"href":"https:\/\/tvbrazilusa.com\/pt\/wp-json\/wp\/v2\/media\/97519"}],"wp:attachment":[{"href":"https:\/\/tvbrazilusa.com\/pt\/wp-json\/wp\/v2\/media?parent=97518"}],"wp:term":[{"taxonomy":"category","embeddable":true,"href":"https:\/\/tvbrazilusa.com\/pt\/wp-json\/wp\/v2\/categories?post=97518"},{"taxonomy":"post_tag","embeddable":true,"href":"https:\/\/tvbrazilusa.com\/pt\/wp-json\/wp\/v2\/tags?post=97518"}],"curies":[{"name":"wp","href":"https:\/\/api.w.org\/{rel}","templated":true}]}}