{"id":97521,"date":"2025-01-30T21:59:25","date_gmt":"2025-01-30T21:59:25","guid":{"rendered":"https:\/\/tvbrazilusa.com\/2025\/01\/30\/o-ex-piloto-do-exercito-pesa-sobre-o-acidente-mortal-de-washington-dc\/"},"modified":"2025-01-30T22:02:49","modified_gmt":"2025-01-30T22:02:49","slug":"o-ex-piloto-do-exercito-pesa-sobre-o-acidente-mortal-de-washington-dc","status":"publish","type":"post","link":"https:\/\/tvbrazilusa.com\/pt\/2025\/01\/30\/o-ex-piloto-do-exercito-pesa-sobre-o-acidente-mortal-de-washington-dc\/","title":{"rendered":"O ex -piloto do Ex\u00e9rcito pesa sobre o acidente mortal de Washington, DC"},"content":{"rendered":"<script async src=\"https:\/\/pagead2.googlesyndication.com\/pagead\/js\/adsbygoogle.js?client=ca-pub-8864793242727901\"\r\n     crossorigin=\"anonymous\"><\/script>\n<p>New Haven, Connecticut (WTNH) &#8211; Enquanto os investigadores juntam as circunst\u00e2ncias de <a href=\"https:\/\/www.wtnh.com\/news\/connecticut\/former-army-pilot-weighs-in-on-deadly-washington-dc-plane-crash\/\" data-type=\"post\" data-id=\"2105009\">a colis\u00e3o mortal<\/a> Entre um jato de passenjer da American Airlines e um helic\u00f3ptero do Ex\u00e9rcito, o News 8 est\u00e1 conversando com especialistas em avia\u00e7\u00e3o sobre todos os aspectos do acidente, incluindo o envolvimento de um helic\u00f3ptero do Ex\u00e9rcito dos EUA.<\/p>\n<div class=\"nlp-ignore-block article-content rich-text\">\n<aside class=\"promo-link\">\n\t<a href=\"https:\/\/www.wtnh.com\/news\/national\/passenger-jet-with-64-aboard-collides-with-army-helicopter-while-landing-at-reagan-airport\/?ipid=promo-link-block1\" class=\"promo-link__link\"><\/p>\n<p>\t\tSem sobreviventes ap\u00f3s colis\u00e3o entre a American Airlines Jet, o ex\u00e9rcito helic\u00f3ptero perto de DC\t<\/a><br \/>\n<\/aside>\n<\/div>\n<p>Assista News 8 a partir das 17h para ouvir de um veterano de combate. <\/p>\n<\/p>\n<p><br \/>\n<br \/><a href=\"https:\/\/www.wtnh.com\/news\/connecticut\/former-army-pilot-weighs-in-on-deadly-washington-dc-plane-crash\/\">Source link <\/a><\/p>","protected":false},"excerpt":{"rendered":"<p>New Haven, Connecticut (WTNH) &#8211; Enquanto os investigadores juntam as circunst\u00e2ncias de a colis\u00e3o mortal Entre um jato de passenjer da American Airlines e um helic\u00f3ptero do Ex\u00e9rcito, o News&hellip;<\/p>","protected":false},"author":1,"featured_media":97522,"comment_status":"closed","ping_status":"open","sticky":false,"template":"","format":"standard","meta":{"content-type":"","footnotes":""},"categories":[1],"tags":[],"class_list":["post-97521","post","type-post","status-publish","format-standard","has-post-thumbnail","hentry","category-uncategorized"],"_links":{"self":[{"href":"https:\/\/tvbrazilusa.com\/pt\/wp-json\/wp\/v2\/posts\/97521","targetHints":{"allow":["GET"]}}],"collection":[{"href":"https:\/\/tvbrazilusa.com\/pt\/wp-json\/wp\/v2\/posts"}],"about":[{"href":"https:\/\/tvbrazilusa.com\/pt\/wp-json\/wp\/v2\/types\/post"}],"author":[{"embeddable":true,"href":"https:\/\/tvbrazilusa.com\/pt\/wp-json\/wp\/v2\/users\/1"}],"replies":[{"embeddable":true,"href":"https:\/\/tvbrazilusa.com\/pt\/wp-json\/wp\/v2\/comments?post=97521"}],"version-history":[{"count":1,"href":"https:\/\/tvbrazilusa.com\/pt\/wp-json\/wp\/v2\/posts\/97521\/revisions"}],"predecessor-version":[{"id":97523,"href":"https:\/\/tvbrazilusa.com\/pt\/wp-json\/wp\/v2\/posts\/97521\/revisions\/97523"}],"wp:featuredmedia":[{"embeddable":true,"href":"https:\/\/tvbrazilusa.com\/pt\/wp-json\/wp\/v2\/media\/97522"}],"wp:attachment":[{"href":"https:\/\/tvbrazilusa.com\/pt\/wp-json\/wp\/v2\/media?parent=97521"}],"wp:term":[{"taxonomy":"category","embeddable":true,"href":"https:\/\/tvbrazilusa.com\/pt\/wp-json\/wp\/v2\/categories?post=97521"},{"taxonomy":"post_tag","embeddable":true,"href":"https:\/\/tvbrazilusa.com\/pt\/wp-json\/wp\/v2\/tags?post=97521"}],"curies":[{"name":"wp","href":"https:\/\/api.w.org\/{rel}","templated":true}]}}