{"id":97527,"date":"2025-01-30T22:10:33","date_gmt":"2025-01-30T22:10:33","guid":{"rendered":"https:\/\/tvbrazilusa.com\/2025\/01\/30\/agora-lula-recebe-militantes-do-mst-no-palacio-do-planalto\/"},"modified":"2025-01-30T22:10:34","modified_gmt":"2025-01-30T22:10:34","slug":"agora-lula-recebe-militantes-do-mst-no-palacio-do-planalto","status":"publish","type":"post","link":"https:\/\/tvbrazilusa.com\/pt\/2025\/01\/30\/agora-lula-recebe-militantes-do-mst-no-palacio-do-planalto\/","title":{"rendered":"AGORA: Lula recebe militantes do MST no Pal\u00e1cio do Planalto"},"content":{"rendered":"<p> <script async src=\"https:\/\/pagead2.googlesyndication.com\/pagead\/js\/adsbygoogle.js?client=ca-pub-8864793242727901\"\r\n     crossorigin=\"anonymous\"><\/script><br \/>\n<\/p>\n<div id=\"taboola-read-more\" style=\"display:block; width:100%\">\n<p>O presidente Luiz In\u00e1cio Lula da Silva vai receber militantes do Movimento dos Trabalhadores Rurais Sem Terra (MST) no Pal\u00e1cio do Planalto. O encontro ocorre \u00e0s 15 horas desta quinta-feira, 30. Na \u00faltima semana, o grupo divulgou uma carta em que pressiona o governo a intensificar a reforma agr\u00e1ria para assentar 100 mil fam\u00edlias.\n<\/p>\n<p>Assinada pela coordena\u00e7\u00e3o nacional do MST, depois de uma reuni\u00e3o de quatro dias em Bel\u00e9m (PA), a carta criticou a \u201cparalisa\u00e7\u00e3o da reforma agr\u00e1ria\u201d na atual administra\u00e7\u00e3o petista. Tamb\u00e9m questionou a efic\u00e1cia do governo em cumprir a promessa hist\u00f3rica do partido.<\/p>\n<p>Em dezembro, o governo comprometeu-se a incorporar 295 mil novas fam\u00edlias ao Programa Nacional de Reforma Agr\u00e1ria at\u00e9 o final de 2026. No entanto, o MST v\u00ea com ceticismo as metas e os resultados apresentados por Lula e, diante disso, aumenta a press\u00e3o sobre o petista.\n<\/p>\n<p>MST contesta dados do governo Lula<br \/>O MST contestou ainda os dados do Minist\u00e9rio do Desenvolvimento Agr\u00e1rio, que afirmou ter assentado 71,4 mil fam\u00edlias ao longo de 2024. Ao mesmo tempo, os militantes criticaram o Congresso Nacional, acusando-o de uma \u201catua\u00e7\u00e3o perversa\u201d em defesa do agroneg\u00f3cio.\n<\/p>\n<p>Al\u00e9m de pressionar pelo assentamento das fam\u00edlias, o MST destacou a necessidade de demarca\u00e7\u00e3o de territ\u00f3rios ind\u00edgenas e reconhecimento de territ\u00f3rios quilombolas, num movimento de amplia\u00e7\u00e3o das suas antigas demandas.\n<\/p>\n<p><strong>Grupo cobra \u2018solidariedade\u2019 com ditaduras<\/strong>\n<\/p>\n<p>O MST manifestou \u201csolidariedade\u201d a pa\u00edses como Cuba, Palestina e Venezuela. Em janeiro, uma delega\u00e7\u00e3o do grupo esteve presente na posse do ditador Nicol\u00e1s Maduro, cuja reelei\u00e7\u00e3o foi considerada fraudulenta pela comunidade internacional.\n<\/p>\n<p>Fonte: Revista Oeste              <\/p>\n<\/div>\n<p><br \/>\n<br \/><a href=\"https:\/\/diariodobrasilnoticias.com.br\/noticia\/agora-lula-recebe-militantes-do-mst-no-palacio-do-planalto-679bd0c27f315\">Source link <\/a><\/p>","protected":false},"excerpt":{"rendered":"<p>O presidente Luiz In\u00e1cio Lula da Silva vai receber militantes do Movimento dos Trabalhadores Rurais Sem Terra (MST) no Pal\u00e1cio do Planalto. O encontro ocorre \u00e0s 15 horas desta quinta-feira,&hellip;<\/p>","protected":false},"author":1,"featured_media":97528,"comment_status":"closed","ping_status":"open","sticky":false,"template":"","format":"standard","meta":{"content-type":"","footnotes":""},"categories":[16],"tags":[123,2448,5313,1267],"class_list":["post-97527","post","type-post","status-publish","format-standard","has-post-thumbnail","hentry","category-noticias","tag-brasil","tag-diario","tag-noticia","tag-noticias"],"_links":{"self":[{"href":"https:\/\/tvbrazilusa.com\/pt\/wp-json\/wp\/v2\/posts\/97527","targetHints":{"allow":["GET"]}}],"collection":[{"href":"https:\/\/tvbrazilusa.com\/pt\/wp-json\/wp\/v2\/posts"}],"about":[{"href":"https:\/\/tvbrazilusa.com\/pt\/wp-json\/wp\/v2\/types\/post"}],"author":[{"embeddable":true,"href":"https:\/\/tvbrazilusa.com\/pt\/wp-json\/wp\/v2\/users\/1"}],"replies":[{"embeddable":true,"href":"https:\/\/tvbrazilusa.com\/pt\/wp-json\/wp\/v2\/comments?post=97527"}],"version-history":[{"count":1,"href":"https:\/\/tvbrazilusa.com\/pt\/wp-json\/wp\/v2\/posts\/97527\/revisions"}],"predecessor-version":[{"id":97529,"href":"https:\/\/tvbrazilusa.com\/pt\/wp-json\/wp\/v2\/posts\/97527\/revisions\/97529"}],"wp:featuredmedia":[{"embeddable":true,"href":"https:\/\/tvbrazilusa.com\/pt\/wp-json\/wp\/v2\/media\/97528"}],"wp:attachment":[{"href":"https:\/\/tvbrazilusa.com\/pt\/wp-json\/wp\/v2\/media?parent=97527"}],"wp:term":[{"taxonomy":"category","embeddable":true,"href":"https:\/\/tvbrazilusa.com\/pt\/wp-json\/wp\/v2\/categories?post=97527"},{"taxonomy":"post_tag","embeddable":true,"href":"https:\/\/tvbrazilusa.com\/pt\/wp-json\/wp\/v2\/tags?post=97527"}],"curies":[{"name":"wp","href":"https:\/\/api.w.org\/{rel}","templated":true}]}}