{"id":97536,"date":"2025-01-30T22:26:26","date_gmt":"2025-01-30T22:26:26","guid":{"rendered":"https:\/\/tvbrazilusa.com\/2025\/01\/30\/jacksonville-bar-association-defende-o-conselheiro-geral-em-batalha-com-o-conselho-da-cidade-jacksonville-hoje\/"},"modified":"2025-01-30T22:29:32","modified_gmt":"2025-01-30T22:29:32","slug":"jacksonville-bar-association-defende-o-conselheiro-geral-em-batalha-com-o-conselho-da-cidade-jacksonville-hoje","status":"publish","type":"post","link":"https:\/\/tvbrazilusa.com\/pt\/2025\/01\/30\/jacksonville-bar-association-defende-o-conselheiro-geral-em-batalha-com-o-conselho-da-cidade-jacksonville-hoje\/","title":{"rendered":"Jacksonville Bar Association defende o conselheiro geral em batalha com o Conselho da Cidade | Jacksonville hoje"},"content":{"rendered":"<p> <script async src=\"https:\/\/pagead2.googlesyndication.com\/pagead\/js\/adsbygoogle.js?client=ca-pub-8864793242727901\"\r\n     crossorigin=\"anonymous\"><\/script><br \/>\n<\/p>\n<div>\n<p>A Associa\u00e7\u00e3o de Advogados de Jacksonville est\u00e1 defendendo o conselheiro geral de Jacksonville, Michael Fackler, depois que os membros do Conselho da Cidade introduziram uma resolu\u00e7\u00e3o na ter\u00e7a -feira <a href=\"https:\/\/jaxtoday.org\/2025\/01\/29\/council-members-salem-diamond-introduce-bill-expressing-lack-of-faith-in-citys-lead-attorney\/?omhide=true\">expressando n\u00e3o confian\u00e7a<\/a> Em sua capacidade de servir a cidade como um &#8220;conselheiro geral independente e imparcial&#8221;. <\/p>\n<p>A Ordem dos Advogados, que representa milhares de advogados em todo o nordeste da Fl\u00f3rida, diz: &#8220;\u00c9 decepcionante ver os membros do conselho condenar o advogado de nossa cidade porque seu aconselhamento jur\u00eddico n\u00e3o se comparou \u00e0 sua agenda&#8221; e disse <a href=\"https:\/\/jaxcityc.legistar.com\/LegislationDetail.aspx?From=RSS&#038;ID=7107225&#038;GUID=D43DD9B1-345B-437D-806A-B2C183D455AC\" rel=\"nofollow noopener\" target=\"_blank\">A resolu\u00e7\u00e3o contra Fackler<\/a> n\u00e3o faz &#8220;nenhuma indica\u00e7\u00e3o de que ele n\u00e3o exerceu seu julgamento legal independente de boa f\u00e9&#8221;.<\/p>\n<p>Os membros do conselho Ron Salem e Rory Diamond introduziram <a href=\"https:\/\/jaxcityc.legistar.com\/LegislationDetail.aspx?From=RSS&#038;ID=7107225&#038;GUID=D43DD9B1-345B-437D-806A-B2C183D455AC\" rel=\"nofollow noopener\" target=\"_blank\">a resolu\u00e7\u00e3o<\/a> Ap\u00f3s a opini\u00e3o legal vinculativa de Fackler nesta semana, que o aumento de 29%, o Conselho aprovou para um transportador de lixo da cidade violava a Carta da Cidade. N\u00e3o foi a primeira vez que os membros do conselho discordam de suas opini\u00f5es ou conselhos. <\/p>\n<p>O<a href=\"https:\/\/jaxcityc.legistar.com\/LegislationDetail.aspx?ID=7107225&#038;GUID=D43DD9B1-345B-437D-806A-B2C183D455AC\" rel=\"nofollow noopener\" target=\"_blank\"> resolu\u00e7\u00e3o<\/a> Lista v\u00e1rios casos em que eles acreditam que &#8220;Fackler n\u00e3o representou adequadamente&#8221; o governo da cidade desde que o conselho aprovou sua nomea\u00e7\u00e3o no final de 2023. <\/p>\n<p>Em dezembro de 2023, Fackler deu \u00e0 prefeita Donna Deegan a luz verde legal para remover um monumento confederado do Springfield Park sem a aprova\u00e7\u00e3o do conselho porque foi financiada por doa\u00e7\u00f5es privadas. Membros do conselho <a href=\"https:\/\/jaxtoday.org\/2024\/01\/16\/monument-removal-money-never-flowed-through-city-coffers-jax-top-lawyer-says\/?omhide=true\">criticou a decis\u00e3o<\/a> para contorn\u00e1 -los, chamando o Executivo de Remo\u00e7\u00e3o. <\/p>\n<p>Muitos tamb\u00e9m discordaram de sua opini\u00e3o de que nenhum certificado de adequa\u00e7\u00e3o era necess\u00e1rio para remover a est\u00e1tua, embora estivesse localizada em um distrito hist\u00f3rico. <\/p>\n<p>A resolu\u00e7\u00e3o chama o incidente de &#8220;usurpa\u00e7\u00e3o&#8221; da autoridade do conselho e afirma que a a\u00e7\u00e3o violava a separa\u00e7\u00e3o de poderes estabelecidos na carta da cidade.<\/p>\n<p>A opini\u00e3o de Fackler n\u00e3o foi por unanimidade apoiada por todos dentro do Escrit\u00f3rio de Conselho Geral. Jason Teal, que atuou como consultor geral sob a prefeita Lenny Curry e agora ocupa outra posi\u00e7\u00e3o no escrit\u00f3rio, discordou da decis\u00e3o. Na opini\u00e3o de Teal, era necess\u00e1rio um certificado de adequa\u00e7\u00e3o para que o monumento fosse removido.<\/p>\n<p>Na situa\u00e7\u00e3o do monumento e do debate em andamento sobre o aumento dos sal\u00e1rios de res\u00edduos do Meridiano, a resolu\u00e7\u00e3o de Salem e Diamond diz que Fackler mostrou muita prefer\u00eancia pelos desejos do prefeito e permitiu que ela abuse seu poder contornando -os.<\/p>\n<p>A resolu\u00e7\u00e3o tamb\u00e9m aponta para a alta rotatividade no escrit\u00f3rio legal da cidade e culpa a administra\u00e7\u00e3o de Fackler por fazer com que outros advogados conhecedores se demitam. Dois, Lawsikia Hodges e James Millard,<a href=\"https:\/\/www.actionnewsjax.com\/news\/local\/duval-county\/2-attorneys-leaving-jacksonville-office-general-counsel\/5T5BOD2XEFA4XBJJA57IENAG5E\/?\" rel=\"nofollow noopener\" target=\"_blank\"> deixado no mesmo dia<\/a> em mar\u00e7o passado. <\/p>\n<p>O projeto tamb\u00e9m diz que as consultas com ex -funcion\u00e1rios an\u00f4nimos e &#8220;membros distintos da comunidade jur\u00eddica&#8221; apoiaram a conclus\u00e3o de que Fackler \u00e9 incapaz de fazer seu trabalho. Enquanto isso, a Jax Bar Association diz que Fackler &#8220;gosta do respeito da comunidade jur\u00eddica de Jacksonville e ganhou sua reputa\u00e7\u00e3o como um advogado altamente qualificado&#8221;.<\/p>\n<p>A resolu\u00e7\u00e3o chega ao Comit\u00ea de Regras na segunda -feira.<\/p>\n<\/div>\n<p><br \/>\n<br \/><a href=\"https:\/\/jaxtoday.org\/2025\/01\/30\/jacksonville-bar-association-defends-general-counsel-in-battle-with-city-council\/\">Source link <\/a><\/p>","protected":false},"excerpt":{"rendered":"<p>A Associa\u00e7\u00e3o de Advogados de Jacksonville est\u00e1 defendendo o conselheiro geral de Jacksonville, Michael Fackler, depois que os membros do Conselho da Cidade introduziram uma resolu\u00e7\u00e3o na ter\u00e7a -feira expressando&hellip;<\/p>","protected":false},"author":1,"featured_media":97537,"comment_status":"closed","ping_status":"open","sticky":false,"template":"","format":"standard","meta":{"content-type":"","footnotes":""},"categories":[1],"tags":[],"class_list":["post-97536","post","type-post","status-publish","format-standard","has-post-thumbnail","hentry","category-uncategorized"],"_links":{"self":[{"href":"https:\/\/tvbrazilusa.com\/pt\/wp-json\/wp\/v2\/posts\/97536","targetHints":{"allow":["GET"]}}],"collection":[{"href":"https:\/\/tvbrazilusa.com\/pt\/wp-json\/wp\/v2\/posts"}],"about":[{"href":"https:\/\/tvbrazilusa.com\/pt\/wp-json\/wp\/v2\/types\/post"}],"author":[{"embeddable":true,"href":"https:\/\/tvbrazilusa.com\/pt\/wp-json\/wp\/v2\/users\/1"}],"replies":[{"embeddable":true,"href":"https:\/\/tvbrazilusa.com\/pt\/wp-json\/wp\/v2\/comments?post=97536"}],"version-history":[{"count":1,"href":"https:\/\/tvbrazilusa.com\/pt\/wp-json\/wp\/v2\/posts\/97536\/revisions"}],"predecessor-version":[{"id":97538,"href":"https:\/\/tvbrazilusa.com\/pt\/wp-json\/wp\/v2\/posts\/97536\/revisions\/97538"}],"wp:featuredmedia":[{"embeddable":true,"href":"https:\/\/tvbrazilusa.com\/pt\/wp-json\/wp\/v2\/media\/97537"}],"wp:attachment":[{"href":"https:\/\/tvbrazilusa.com\/pt\/wp-json\/wp\/v2\/media?parent=97536"}],"wp:term":[{"taxonomy":"category","embeddable":true,"href":"https:\/\/tvbrazilusa.com\/pt\/wp-json\/wp\/v2\/categories?post=97536"},{"taxonomy":"post_tag","embeddable":true,"href":"https:\/\/tvbrazilusa.com\/pt\/wp-json\/wp\/v2\/tags?post=97536"}],"curies":[{"name":"wp","href":"https:\/\/api.w.org\/{rel}","templated":true}]}}