{"id":97539,"date":"2025-01-30T22:30:06","date_gmt":"2025-01-30T22:30:06","guid":{"rendered":"https:\/\/tvbrazilusa.com\/2025\/01\/30\/o-governador-lamont-propoe-legislacao-criminal-anti-odio\/"},"modified":"2025-01-30T22:32:43","modified_gmt":"2025-01-30T22:32:43","slug":"o-governador-lamont-propoe-legislacao-criminal-anti-odio","status":"publish","type":"post","link":"https:\/\/tvbrazilusa.com\/pt\/2025\/01\/30\/o-governador-lamont-propoe-legislacao-criminal-anti-odio\/","title":{"rendered":"O governador Lamont prop\u00f5e legisla\u00e7\u00e3o criminal anti-\u00f3dio"},"content":{"rendered":"<script async src=\"https:\/\/pagead2.googlesyndication.com\/pagead\/js\/adsbygoogle.js?client=ca-pub-8864793242727901\"\r\n     crossorigin=\"anonymous\"><\/script>\n<p>HARTFORD, Connecticut (WTNH)-O governador Ned Lamont (D-Conn.) Quer facilitar a responsabilidade daqueles que cometem crimes de \u00f3dio em Connecticut respons\u00e1veis \u200b\u200bpor suas a\u00e7\u00f5es.<\/p>\n<p>&#8220;Imagine um aluno da 10\u00aa s\u00e9rie encontrando dois su\u00e1sticos esculpidos em seu arm\u00e1rio de futebol&#8221;, disse Erika Brunwasser, diretora regional associada da Liga Anti-Defama\u00e7\u00e3o (ADL) de Connecticut.<\/p>\n<div class=\"nlp-ignore-block article-content rich-text\">\n<aside class=\"promo-link\">\n\t<a href=\"https:\/\/www.wtnh.com\/news\/national\/what-we-know-about-the-dc-plane-crash-victims\/?ipid=promo-link-block1\" class=\"promo-link__link\"><\/p>\n<p>\t\tO que sabemos sobre as v\u00edtimas de acidente de avi\u00e3o da DC\t<\/a><br \/>\n<\/aside>\n<\/div>\n<p>Ela disse que os incidentes anti -semitas aumentaram 670% em apenas quatro anos no estado.<\/p>\n<p>&#8220;Imagine o impacto em cada indiv\u00edduo e comunidade&#8221;, disse Brunwasser.<\/p>\n<p>A AVD ap\u00f3ia a proposta do governador de consolidar as 21 leis de crimes de \u00f3dio do estado.<\/p>\n<p>\u201cEles est\u00e3o espalhados por todos os estatutos gerais de Connecticut. Alguns deles foram escritos na d\u00e9cada de 1880 \u201d, disse o professor de direito da UConn, Richard Wilson.<\/p>\n<p>A proposta do governador visa tornar a lei mais clara, concisa e mais eficaz.<\/p>\n<p>&#8220;Eles n\u00e3o abordam crimes graves, como assassinato e inc\u00eandio criminoso&#8221;, disse Wilson.<\/p>\n<p>Ele e o colega professor de direito da UConn, Sachin Pandya, que se sentam no Conselho Consultivo de Crimes de Hate do Estado. assumiu a lideran\u00e7a na elabora\u00e7\u00e3o da legisla\u00e7\u00e3o.<\/p>\n<p>&#8220;Por fim, mas n\u00e3o menos importante, ele rotula esses crimes de \u00f3dio aos crimes de \u00f3dio&#8221;, disse Pandya.<\/p>\n<p>O principal promotor do estado disse que s\u00e3o necess\u00e1rios esclarecimentos para que aqueles que pretendem intimidar ou machucar pessoas com base em coisas como ra\u00e7a, religi\u00e3o, orienta\u00e7\u00e3o sexual e defici\u00eancia podem ser mais facilmente cobradas e processadas.<\/p>\n<p>&#8220;Enquanto muitos estatutos cobrem a religi\u00e3o, o estatuto de rid\u00edculo de 53-37 tamb\u00e9m usa termos como denomina\u00e7\u00e3o e credo como categorias de prote\u00e7\u00e3o separadas&#8221;, disse o advogado do Estado Patrick Griffin. \u201c\u00c9 um axioma na lei. Essa ambiguidade na lei causa confus\u00e3o. \u201d<\/p>\n<p>O governador apresentar\u00e1 a proposta de crime de \u00f3dio junto com outras pessoas durante seu discurso anual de or\u00e7amento a uma sess\u00e3o conjunta da Assembl\u00e9ia Geral em 5 de fevereiro.<\/p>\n<div class=\"nlp-ignore-block article-content rich-text\">\n<aside class=\"promo-link\">\n\t<a href=\"https:\/\/www.wtnh.com\/news\/connecticut\/connecticut-lawmakers-consider-bill-to-lower-legal-alcohol-limit-for-drivers\/?ipid=promo-link-block2\" class=\"promo-link__link\"><\/p>\n<p>\t\tOs legisladores de Connecticut consideram o projeto de lei para reduzir o limite legal de \u00e1lcool para os motoristas\t<\/a><br \/>\n<\/aside>\n<\/div>\n<p>O l\u00edder republicano do Senado, Stephen Harding, respondeu \u00e0 proposta do governador em comunicado, dizendo: \u201cA CT tem sido l\u00edder nacional na cria\u00e7\u00e3o de fortes leis de crimes de \u00f3dio, e devemos continuar a tomar uma posi\u00e7\u00e3o forte. Essas a\u00e7\u00f5es ultrajantes e covardes devem ser processadas em toda a extens\u00e3o da lei. \u201d<\/p>\n<p>O estado tamb\u00e9m est\u00e1 entre os primeiros a ter uma ferramenta de relat\u00f3rio de crime de \u00f3dio com seu site reptortate.ct.gov.<\/p>\n<p>&#8220;Todos os dias queremos facilitar o relat\u00f3rio isso, mais f\u00e1cil para podermos aplic\u00e1 -lo e garantir que as pessoas saibam que estamos aqui lutando por voc\u00ea&#8221;, disse Lamont.<\/p>\n<p>A legisla\u00e7\u00e3o proposta tamb\u00e9m procura estabelecer um aprimoramento da pena de crimes de \u00f3dio, por isso, se o \u00f3dio estiver por tr\u00e1s de um crime como assassinato, a puni\u00e7\u00e3o pode ser aumentada.<\/p>\n<p><br \/>\n<br \/><a href=\"https:\/\/www.wtnh.com\/news\/connecticut\/gov-lamont-proposes-anti-hate-crime-legislation\/\">Source link <\/a><\/p>","protected":false},"excerpt":{"rendered":"<p>HARTFORD, Connecticut (WTNH)-O governador Ned Lamont (D-Conn.) Quer facilitar a responsabilidade daqueles que cometem crimes de \u00f3dio em Connecticut respons\u00e1veis \u200b\u200bpor suas a\u00e7\u00f5es. &#8220;Imagine um aluno da 10\u00aa s\u00e9rie encontrando&hellip;<\/p>","protected":false},"author":1,"featured_media":97540,"comment_status":"closed","ping_status":"open","sticky":false,"template":"","format":"standard","meta":{"content-type":"","footnotes":""},"categories":[1],"tags":[],"class_list":["post-97539","post","type-post","status-publish","format-standard","has-post-thumbnail","hentry","category-uncategorized"],"_links":{"self":[{"href":"https:\/\/tvbrazilusa.com\/pt\/wp-json\/wp\/v2\/posts\/97539","targetHints":{"allow":["GET"]}}],"collection":[{"href":"https:\/\/tvbrazilusa.com\/pt\/wp-json\/wp\/v2\/posts"}],"about":[{"href":"https:\/\/tvbrazilusa.com\/pt\/wp-json\/wp\/v2\/types\/post"}],"author":[{"embeddable":true,"href":"https:\/\/tvbrazilusa.com\/pt\/wp-json\/wp\/v2\/users\/1"}],"replies":[{"embeddable":true,"href":"https:\/\/tvbrazilusa.com\/pt\/wp-json\/wp\/v2\/comments?post=97539"}],"version-history":[{"count":1,"href":"https:\/\/tvbrazilusa.com\/pt\/wp-json\/wp\/v2\/posts\/97539\/revisions"}],"predecessor-version":[{"id":97541,"href":"https:\/\/tvbrazilusa.com\/pt\/wp-json\/wp\/v2\/posts\/97539\/revisions\/97541"}],"wp:featuredmedia":[{"embeddable":true,"href":"https:\/\/tvbrazilusa.com\/pt\/wp-json\/wp\/v2\/media\/97540"}],"wp:attachment":[{"href":"https:\/\/tvbrazilusa.com\/pt\/wp-json\/wp\/v2\/media?parent=97539"}],"wp:term":[{"taxonomy":"category","embeddable":true,"href":"https:\/\/tvbrazilusa.com\/pt\/wp-json\/wp\/v2\/categories?post=97539"},{"taxonomy":"post_tag","embeddable":true,"href":"https:\/\/tvbrazilusa.com\/pt\/wp-json\/wp\/v2\/tags?post=97539"}],"curies":[{"name":"wp","href":"https:\/\/api.w.org\/{rel}","templated":true}]}}