{"id":97551,"date":"2025-01-30T23:03:04","date_gmt":"2025-01-30T23:03:04","guid":{"rendered":"https:\/\/tvbrazilusa.com\/2025\/01\/30\/lift-every-voice-festival-de-fevereiro-celebrara-o-hino-nacional-negro-escrito-em-jacksonville-jacksonville-hoje\/"},"modified":"2025-01-30T23:06:51","modified_gmt":"2025-01-30T23:06:51","slug":"lift-every-voice-festival-de-fevereiro-celebrara-o-hino-nacional-negro-escrito-em-jacksonville-jacksonville-hoje","status":"publish","type":"post","link":"https:\/\/tvbrazilusa.com\/pt\/2025\/01\/30\/lift-every-voice-festival-de-fevereiro-celebrara-o-hino-nacional-negro-escrito-em-jacksonville-jacksonville-hoje\/","title":{"rendered":"&#8216;Lift Every Voice&#8217;: Festival de fevereiro celebrar\u00e1 o hino nacional negro escrito em Jacksonville | Jacksonville hoje"},"content":{"rendered":"<p> <script async src=\"https:\/\/pagead2.googlesyndication.com\/pagead\/js\/adsbygoogle.js?client=ca-pub-8864793242727901\"\r\n     crossorigin=\"anonymous\"><\/script><br \/>\n<\/p>\n<div>\n<p>Talvez a m\u00fasica mais famosa j\u00e1 escrita em Jacksonville tenha sido uma chamada \u00e0 a\u00e7\u00e3o quando foi escrita. Sharon Coon diz que isso permanece verdadeiro hoje, pois &#8220;Levante todas as vozes e cantar&#8221; se aproxima de seu 125\u00ba anivers\u00e1rio.<\/p>\n<p>Coon \u00e9 o fundador da Biblioteca Friends of the Brentwood, sem fins lucrativos, que est\u00e1 colaborando com historiadores, m\u00fasicos, pastores, educadores e volunt\u00e1rios para produzir cinco dias de celebra\u00e7\u00e3o e educa\u00e7\u00e3o para <a href=\"https:\/\/jwjlifteveryvoice.com\/\" data-type=\"link\" data-id=\"https:\/\/jwjlifteveryvoice.com\/\" rel=\"nofollow noopener\" target=\"_blank\">coincidir com o 125<sup>th<\/sup> anivers\u00e1rio<\/a> da primeira apresenta\u00e7\u00e3o p\u00fablica de &#8220;Levante todas as vozes e cantar&#8221;. <\/p>\n<p>James Weldon Johnson escreveu a letra como um poema em 1899. Seu irm\u00e3o John Rosamond Johnson produziu a m\u00fasica que transformou um poema no hino nacional negro.<\/p>\n<p>Celebra\u00e7\u00f5es locais come\u00e7ar\u00e3o <a href=\"https:\/\/www.eventbrite.com\/d\/fl--jacksonville\/%22levas%22\/?page=1&#038;start_date=2025-02-12&#038;end_date=2025-02-12\" rel=\"nofollow noopener\" target=\"_blank\">Quarta -feira, 12 de fevereiro<\/a>quando a biblioteca principal de Jacksonville sediar\u00e1 conversas sobre a supress\u00e3o dos eleitores negros, o legado de Harry T. e Harriette Moore, bem como o impacto da escola da Dozier School for Boys. O destaque do dia ser\u00e1 uma performance de 500 filhos de &#8220;Lift Every Voice and Sing&#8221; na Bethel Church, onde J. Rosamond Johnson j\u00e1 serviu como pianista e diretor musical. <\/p>\n<p>&#8220;A heran\u00e7a deles foi de Jacksonville para internacional&#8221;, diz Coon. \u201cSeus antecedentes na educa\u00e7\u00e3o e seus antecedentes em todas as carreiras que eles foram capazes de realizar come\u00e7aram em casa com sua m\u00e3e (Helen Louise Dillet), que foi a primeira educadora p\u00fablica negra do estado e seu pai (James) era ministro. Eles os prepararam para enfrentar os desafios deste mundo e constru\u00edram a confian\u00e7a de que nada surgiria no seu caminho que n\u00e3o podiam realizar ou passar. \u201d<\/p>\n<p>Porque James Weldon Johnson era poeta, advogado, educador e jornalista &#8211; seu jornal <em>O americano di\u00e1rio<\/em> Foi o primeiro voltado para os americanos negros &#8211; os organizadores da celebra\u00e7\u00e3o local queriam plataforma pessoas que refletem autenticamente sobre a hist\u00f3ria e as quest\u00f5es negras do presente.<\/p>\n<p><a href=\"https:\/\/www.eventbrite.com\/d\/fl--jacksonville\/%22levas%22\/?page=1&#038;start_date=2025-02-13&#038;end_date=2025-02-13\" rel=\"nofollow noopener\" target=\"_blank\">Eventos de quinta -feira<\/a> Inclua uma discuss\u00e3o sobre o impacto da Lei dos Direitos Civis de 1964 e 1968 Fair Housing Act e da di\u00e1spora da m\u00fasica afro -americana.<\/p>\n<p><a href=\"https:\/\/www.eventbrite.com\/d\/fl--jacksonville\/%22levas%22\/?page=1&#038;start_date=2025-02-14&#038;end_date=2025-02-14\" rel=\"nofollow noopener\" target=\"_blank\">Sexta-feira<\/a> contar\u00e1 com o ativista e historiador de Jacksonville, Rodney L. Hurst, as reflex\u00f5es sobre a manivela sobrevivente de Ax no s\u00e1bado, quando uma multid\u00e3o irritada atacou jovens manifestantes negros sentados em um balc\u00e3o de almo\u00e7o somente para brancos no centro de Jacksonville. <\/p>\n<p>Sobre<a href=\"https:\/\/www.eventbrite.com\/d\/fl--jacksonville\/%22levas%22\/?page=1&#038;start_date=2025-02-15&#038;end_date=2025-02-15\" rel=\"nofollow noopener\" target=\"_blank\"> S\u00e1bado, 15 de fevereiro<\/a>Uma competi\u00e7\u00e3o de piano de jovens na biblioteca principal ser\u00e1 realizada em homenagem \u00e0 musicalidade de J. Rosamond Johnson.<\/p>\n<p>No in\u00edcio deste m\u00eas, Hurst <a href=\"https:\/\/jaxtoday.org\/2025\/01\/20\/jacksonville-reflections-on-kings-legacy-trumps-inauguration\/\">lembrou um p\u00fablico de Jacksonville<\/a> No caf\u00e9 da manh\u00e3 de Martin Luther King Jr., da cidade, que \u201clevanta toda voz e canta\u201d, serviu como um farol para pessoas oprimidas durante um per\u00edodo sombrio na hist\u00f3ria americana. <\/p>\n<div class=\"wp-block-image\">\n<figure class=\"aligncenter size-large\"><figcaption class=\"wp-element-caption\">Sharon Coon, \u00e0 esquerda, e Hazel Gillis, \u00e0 direita, ouvem uma performance musical no James Weldon Johnson Park em 29 de janeiro de 2025. Coon \u00e9 o fundador da Biblioteca Friends of Brentwood, a organiza\u00e7\u00e3o sem fins lucrativos que organiza a celebra\u00e7\u00e3o de fevereiro de \u201cLevante todas as vozes e Cantar.&#8221; Gillis \u00e9 o presidente do cap\u00edtulo James Weldon Johnson da Associa\u00e7\u00e3o para o Estudo da Vida Afro -Americana. | Will Brown,<em> Jacksonville hoje<\/em><\/figcaption><\/figure>\n<\/div>\n<p>O cap\u00edtulo de James Weldon Johnson da Associa\u00e7\u00e3o para o Estudo da Vida e da Hist\u00f3ria afro -americana est\u00e1 entre os grupos locais que planejam participar. Seu presidente Hazel Gillis dificilmente poderia conter sua alegria na quarta -feira antes da celebra\u00e7\u00e3o de fevereiro.<\/p>\n<p>&#8220;Eu n\u00e3o posso nem descrev\u00ea -lo&#8221;, diz Gillis. \u201cVai ser extraordin\u00e1rio, porque fazemos parceria com outras organiza\u00e7\u00f5es como os amigos de Brentwood. Estamos nos reunindo como uma unidade para garantir que seja especial. \u201d<\/p>\n<p>Gillis lembra que &#8220;Lift toda voz e cantar&#8221; fazia parte de seu devocional matinal durante a inf\u00e2ncia.<\/p>\n<p>Dezenas de pessoas, de todas as ra\u00e7as, foram apresentadas \u00e0 m\u00fasica quando crian\u00e7as. Esse foi o caso de James Lee Coon Jr. nos anos 80. Quando ele tinha 10 anos, ele implorou a m\u00e3e para fazer o que p\u00f4de <a href=\"https:\/\/www.jacksonville.com\/story\/entertainment\/local\/2012\/06\/15\/jacksonville-native-left-huge-legacy-nothing-marks-it\/15863779007\/\" rel=\"nofollow noopener\" target=\"_blank\">Garanta mais pessoas em Jacksonville sabia sobre o impacto de James Weldon Johnson<\/a>. Coon Jr. era um estudante de 19 anos da Universidade do Norte da Fl\u00f3rida quando foi assassinado em janeiro de 1995. <\/p>\n<p>James Weldon Johnson Park fica do outro lado da rua da prefeitura de Jacksonville, o antigo local do St. James Hotel, <a href=\"https:\/\/jaxtoday.org\/2023\/11\/14\/the-jaxson-jacksonville-in-the-1870s\/\">uma instala\u00e7\u00e3o de hospedagem que j\u00e1 foi a maior do sudeste<\/a>e onde James Johnson serviu como gar\u00e7om em um ponto de sua vida.<\/p>\n<p>\u201cTemos que continuar compartilhando a hist\u00f3ria. Porque, para dizer a verdade, \u00e9 uma pena que muitas pessoas nem saibam a letra de &#8216;levantar toda voz e cantar&#8217; &#8220;, diz Coon. \u201cTemos muito ensino, temos muito trabalho a fazer. A hist\u00f3ria negra \u00e9 importante. Nossa heran\u00e7a \u00e9 importante. Mas nossos filhos n\u00e3o sabem disso. Os pais n\u00e3o sabem disso. Temos uma grande responsabilidade como comunidade de ensin\u00e1 -los. \u201d<\/p>\n<p>Este ano ser\u00e1 a 100\u00aa vez que a hist\u00f3ria negra ser\u00e1 comemorada em fevereiro. Carter G. Woodson escolheu o m\u00eas para comemorar a Semana da Hist\u00f3ria dos Negros em 1926, porque foi quando Abraham Lincoln nasceu e se acredita ser o m\u00eas de que Frederick Douglass nasceu.<\/p>\n<p>A Associa\u00e7\u00e3o Nacional para o Avan\u00e7o de Pessoas de Cor selecionou 12 de fevereiro de 1909, como sua data fundadora em homenagem a Lincoln. James Weldon Johnson, que se mudou para Nova York ap\u00f3s seu breve mandato como diretor da Stanton High School, atuou como secret\u00e1rio executivo da organiza\u00e7\u00e3o nacional durante seus primeiros anos.<\/p>\n<p>&#8220;Eles acham que a hist\u00f3ria negra \u00e9 de um m\u00eas&#8221;, disse Coon \u00e0 Gillis enquanto os dois estavam sentados em uma mesa na quarta -feira no James Weldon Johnson Park. &#8220;S\u00e3o 12 meses fora do ano.&#8221;<\/p>\n<\/div>\n<p><br \/>\n<br \/><a href=\"https:\/\/jaxtoday.org\/2025\/01\/30\/lift-every-voice-february-festival-will-celebrate-black-national-anthem-written-in-jacksonville\/\">Source link <\/a><\/p>","protected":false},"excerpt":{"rendered":"<p>Talvez a m\u00fasica mais famosa j\u00e1 escrita em Jacksonville tenha sido uma chamada \u00e0 a\u00e7\u00e3o quando foi escrita. Sharon Coon diz que isso permanece verdadeiro hoje, pois &#8220;Levante todas as&hellip;<\/p>","protected":false},"author":1,"featured_media":97552,"comment_status":"closed","ping_status":"open","sticky":false,"template":"","format":"standard","meta":{"content-type":"","footnotes":""},"categories":[1],"tags":[],"class_list":["post-97551","post","type-post","status-publish","format-standard","has-post-thumbnail","hentry","category-uncategorized"],"_links":{"self":[{"href":"https:\/\/tvbrazilusa.com\/pt\/wp-json\/wp\/v2\/posts\/97551","targetHints":{"allow":["GET"]}}],"collection":[{"href":"https:\/\/tvbrazilusa.com\/pt\/wp-json\/wp\/v2\/posts"}],"about":[{"href":"https:\/\/tvbrazilusa.com\/pt\/wp-json\/wp\/v2\/types\/post"}],"author":[{"embeddable":true,"href":"https:\/\/tvbrazilusa.com\/pt\/wp-json\/wp\/v2\/users\/1"}],"replies":[{"embeddable":true,"href":"https:\/\/tvbrazilusa.com\/pt\/wp-json\/wp\/v2\/comments?post=97551"}],"version-history":[{"count":1,"href":"https:\/\/tvbrazilusa.com\/pt\/wp-json\/wp\/v2\/posts\/97551\/revisions"}],"predecessor-version":[{"id":97553,"href":"https:\/\/tvbrazilusa.com\/pt\/wp-json\/wp\/v2\/posts\/97551\/revisions\/97553"}],"wp:featuredmedia":[{"embeddable":true,"href":"https:\/\/tvbrazilusa.com\/pt\/wp-json\/wp\/v2\/media\/97552"}],"wp:attachment":[{"href":"https:\/\/tvbrazilusa.com\/pt\/wp-json\/wp\/v2\/media?parent=97551"}],"wp:term":[{"taxonomy":"category","embeddable":true,"href":"https:\/\/tvbrazilusa.com\/pt\/wp-json\/wp\/v2\/categories?post=97551"},{"taxonomy":"post_tag","embeddable":true,"href":"https:\/\/tvbrazilusa.com\/pt\/wp-json\/wp\/v2\/tags?post=97551"}],"curies":[{"name":"wp","href":"https:\/\/api.w.org\/{rel}","templated":true}]}}