{"id":97557,"date":"2025-01-30T23:32:53","date_gmt":"2025-01-30T23:32:53","guid":{"rendered":"https:\/\/tvbrazilusa.com\/2025\/01\/30\/urgente-carla-zambelli-tem-mandato-cassado\/"},"modified":"2025-01-30T23:32:54","modified_gmt":"2025-01-30T23:32:54","slug":"urgente-carla-zambelli-tem-mandato-cassado","status":"publish","type":"post","link":"https:\/\/tvbrazilusa.com\/pt\/2025\/01\/30\/urgente-carla-zambelli-tem-mandato-cassado\/","title":{"rendered":"URGENTE: Carla Zambelli tem mandato cassado"},"content":{"rendered":"<p> <script async src=\"https:\/\/pagead2.googlesyndication.com\/pagead\/js\/adsbygoogle.js?client=ca-pub-8864793242727901\"\r\n     crossorigin=\"anonymous\"><\/script><br \/>\n<\/p>\n<div id=\"taboola-read-more\" style=\"display:block; width:100%\">\n<p>O Tribunal Regional Eleitoral de S\u00e3o Paulo (TRE-SP) cassou, nesta quinta-feira (30), por 5 votos a 2, o mandato da deputada federal Carla Zambelli (PL-SP). Ainda cabe recurso \u00e0 parlamentar no Tribunal Superior Eleitoral (TSE).\n<\/p>\n<p>A decis\u00e3o do TRE-SP torna Zambelli ineleg\u00edvel por oito anos, contados a partir das elei\u00e7\u00f5es de 2022, por uso indevido dos meios de comunica\u00e7\u00e3o e abuso de poder pol\u00edtico.<\/p>\n<p>O julgamento da A\u00e7\u00e3o de Investiga\u00e7\u00e3o Judicial Eleitoral (Aije) contra Zambelli, movida pela deputada federal S\u00e2mia Bomfim (PSOL-SP), havia sido suspenso em dezembro passado ap\u00f3s a ju\u00edza Maria Cl\u00e1udia Bedotti ter solicitado maior tempo para an\u00e1lise do caso.\n<\/p>\n<p>O que diz Zambelli<br \/>Nas redes sociais, a parlamentar publicou uma nota a respeito da decis\u00e3o do TRE-SP (leia abaixo).\n<\/p>\n<p>\u201cHoje, o TRE-SP entendeu por anular os votos de 946.244 cidad\u00e3os paulistas e cassar meu mandato de deputado federal.\n<\/p>\n<p>Essa decis\u00e3o n\u00e3o tem efeitos imediatos, e irei continuar representando S\u00e3o Paulo e meus eleitores at\u00e9 o encerramento dos recursos cab\u00edveis.\n<\/p>\n<p>Fica claro que a persegui\u00e7\u00e3o pol\u00edtica em nosso pa\u00eds, contra os conservadores, \u00e9 vis\u00edvel como o Sol do meio-dia.\n<\/p>\n<p>Continuarei a lutar todos os dias de minha vida ao lado de voc\u00eas, para que tenhamos a esperan\u00e7a de um Brasil pr\u00f3spero e digno para o povo brasileiro.\u201d\n<\/p>\n<p>Fonte: CNN Brasil              <\/p>\n<\/div>\n<p><br \/>\n<br \/><a href=\"https:\/\/diariodobrasilnoticias.com.br\/noticia\/urgente-carla-zambelli-tem-mandato-cassado-679be47b76b75\">Source link <\/a><\/p>","protected":false},"excerpt":{"rendered":"<p>O Tribunal Regional Eleitoral de S\u00e3o Paulo (TRE-SP) cassou, nesta quinta-feira (30), por 5 votos a 2, o mandato da deputada federal Carla Zambelli (PL-SP). Ainda cabe recurso \u00e0 parlamentar&hellip;<\/p>","protected":false},"author":1,"featured_media":97558,"comment_status":"closed","ping_status":"open","sticky":false,"template":"","format":"standard","meta":{"content-type":"","footnotes":""},"categories":[16],"tags":[123,2448,5313,1267],"class_list":["post-97557","post","type-post","status-publish","format-standard","has-post-thumbnail","hentry","category-noticias","tag-brasil","tag-diario","tag-noticia","tag-noticias"],"_links":{"self":[{"href":"https:\/\/tvbrazilusa.com\/pt\/wp-json\/wp\/v2\/posts\/97557","targetHints":{"allow":["GET"]}}],"collection":[{"href":"https:\/\/tvbrazilusa.com\/pt\/wp-json\/wp\/v2\/posts"}],"about":[{"href":"https:\/\/tvbrazilusa.com\/pt\/wp-json\/wp\/v2\/types\/post"}],"author":[{"embeddable":true,"href":"https:\/\/tvbrazilusa.com\/pt\/wp-json\/wp\/v2\/users\/1"}],"replies":[{"embeddable":true,"href":"https:\/\/tvbrazilusa.com\/pt\/wp-json\/wp\/v2\/comments?post=97557"}],"version-history":[{"count":1,"href":"https:\/\/tvbrazilusa.com\/pt\/wp-json\/wp\/v2\/posts\/97557\/revisions"}],"predecessor-version":[{"id":97559,"href":"https:\/\/tvbrazilusa.com\/pt\/wp-json\/wp\/v2\/posts\/97557\/revisions\/97559"}],"wp:featuredmedia":[{"embeddable":true,"href":"https:\/\/tvbrazilusa.com\/pt\/wp-json\/wp\/v2\/media\/97558"}],"wp:attachment":[{"href":"https:\/\/tvbrazilusa.com\/pt\/wp-json\/wp\/v2\/media?parent=97557"}],"wp:term":[{"taxonomy":"category","embeddable":true,"href":"https:\/\/tvbrazilusa.com\/pt\/wp-json\/wp\/v2\/categories?post=97557"},{"taxonomy":"post_tag","embeddable":true,"href":"https:\/\/tvbrazilusa.com\/pt\/wp-json\/wp\/v2\/tags?post=97557"}],"curies":[{"name":"wp","href":"https:\/\/api.w.org\/{rel}","templated":true}]}}