{"id":97566,"date":"2025-01-31T00:10:22","date_gmt":"2025-01-31T00:10:22","guid":{"rendered":"https:\/\/tvbrazilusa.com\/2025\/01\/31\/gleise-nao-aceita-ser-checada-so-checar\/"},"modified":"2025-01-31T00:10:23","modified_gmt":"2025-01-31T00:10:23","slug":"gleise-nao-aceita-ser-checada-so-checar","status":"publish","type":"post","link":"https:\/\/tvbrazilusa.com\/pt\/2025\/01\/31\/gleise-nao-aceita-ser-checada-so-checar\/","title":{"rendered":"Gleise n\u00e3o aceita ser checada, s\u00f3 checar"},"content":{"rendered":"<p> <script async src=\"https:\/\/pagead2.googlesyndication.com\/pagead\/js\/adsbygoogle.js?client=ca-pub-8864793242727901\"\r\n     crossorigin=\"anonymous\"><\/script><br \/>\n<\/p>\n<div id=\"taboola-read-more\" style=\"display:block; width:100%\">\n<p>A presidente do PT, Gleisi Hoffmann, achou um novo inimigo: as Notas da Comunidade do X, antigo Twitter. Em post publicado nesta quinta-feira, 30, Gleisi reclamou do instrumento, afirmando que ele passou a ser utilizado para \u201cdisputa pol\u00edtica\u201d.\n<\/p>\n<p>Gleisi reagiu ap\u00f3s ser alvo de mais uma nota da comunidade no X. Desta vez, os usu\u00e1rios da rede social usaram o pr\u00f3prio site do Banco Central como refer\u00eancia para confrontar a alega\u00e7\u00e3o da presidente do PT de que o respons\u00e1vel pelo aumento de um ponto percentual na taxa b\u00e1sica de juros \u00e9 Roberto Campos Neto, que deixou o comando do BC no ano passado.<\/p>\n<p>A presidente do PT, Gleisi Hoffmann, achou um novo inimigo: as Notas da Comunidade do X, antigo Twitter. Em post publicado nesta quinta-feira, 30, Gleisi reclamou do instrumento, afirmando que ele passou a ser utilizado para \u201cdisputa pol\u00edtica\u201d.\n<\/p>\n<p>Gleisi reagiu ap\u00f3s ser alvo de mais uma nota da comunidade no X. Desta vez, os usu\u00e1rios da rede social usaram o pr\u00f3prio site do Banco Central como refer\u00eancia para confrontar a alega\u00e7\u00e3o da presidente do PT de que o respons\u00e1vel pelo aumento de um ponto percentual na taxa b\u00e1sica de juros \u00e9 Roberto Campos Neto, que deixou o comando do BC no ano passado.\n<\/p>\n<p>\u201cO sistema de \u2018Notas da Comunidade\u2019 no X est\u00e1 sendo utilizado para disputa pol\u00edtica. O recurso autoriza que usu\u00e1rios comuns possam inserir e avaliar textos em postagens de terceiros, permitindo a veicula\u00e7\u00e3o de desinforma\u00e7\u00e3o e mensagens enviesadas. Foi o que aconteceu na minha \u00faltima publica\u00e7\u00e3o\u201d, disse a parlamentar.\n<\/p>\n<p>\u201cA Ata do Copom dos dias 10 e 11 de dezembro de 2024 deixaram bem claro que ocorrer\u00e3o \u2018ajustes de mesma magnitude nas pr\u00f3ximas duas reuni\u00f5es\u2019. Ou seja, de 1 ponto percentual em janeiro e 1 ponto percentual em fevereiro. A suposta \u2018checagem coletiva\u2019 simplesmente ignora essa informa\u00e7\u00e3o\u201d, reagiu Gleisi.\n<\/p>\n<p>A verdade que Gleisi n\u00e3o quer ver sobre as notas da comunidade<br \/>Na verdade, o Comit\u00ea de Pol\u00edtica Monet\u00e1ria (Copom) do BC apenas informou, em dezembro de 2024, que, mantidas as condi\u00e7\u00f5es econ\u00f4micas e expectativas do mercado, seria necess\u00e1rio elevar a Selic em um ponto percentual n\u00e3o apenas naquele m\u00eas, mas tamb\u00e9m nas duas primeiras reuni\u00f5es de 2025.\n<\/p>\n<p>Isso foi reafirmado na quarta-feira, 29, quando o Copom anunciou a alta da taxa b\u00e1sica de juros para 13,25% ao ano: \u201cDiante da continuidade do cen\u00e1rio adverso para a converg\u00eancia da infla\u00e7\u00e3o, o Comit\u00ea antev\u00ea, em se confirmando o cen\u00e1rio esperado, um ajuste de mesma magnitude na pr\u00f3xima reuni\u00e3o\u201d.\n<\/p>\n<p>Gleisi reclama de Campos Neto porque n\u00e3o pode reclamar de Gabriel Gal\u00edpolo, indicado por Lula para comandar o BC e respons\u00e1vel, junto com seu antecessor, pelos \u00faltimos aumentos na taxa b\u00e1sica de juros, feitos para conter a infla\u00e7\u00e3o impulsionada pelos gastos irrespons\u00e1veis do governo.\n<\/p>\n<p>Fonte: O Antagonista              <\/p>\n<\/div>\n<p><br \/>\n<br \/><a href=\"https:\/\/diariodobrasilnoticias.com.br\/noticia\/gleise-nao-aceita-ser-checada-so-checar-679bf6bd28b0c\">Source link <\/a><\/p>","protected":false},"excerpt":{"rendered":"<p>A presidente do PT, Gleisi Hoffmann, achou um novo inimigo: as Notas da Comunidade do X, antigo Twitter. Em post publicado nesta quinta-feira, 30, Gleisi reclamou do instrumento, afirmando que&hellip;<\/p>","protected":false},"author":1,"featured_media":97567,"comment_status":"closed","ping_status":"open","sticky":false,"template":"","format":"standard","meta":{"content-type":"","footnotes":""},"categories":[16],"tags":[123,2448,5313,1267],"class_list":["post-97566","post","type-post","status-publish","format-standard","has-post-thumbnail","hentry","category-noticias","tag-brasil","tag-diario","tag-noticia","tag-noticias"],"_links":{"self":[{"href":"https:\/\/tvbrazilusa.com\/pt\/wp-json\/wp\/v2\/posts\/97566","targetHints":{"allow":["GET"]}}],"collection":[{"href":"https:\/\/tvbrazilusa.com\/pt\/wp-json\/wp\/v2\/posts"}],"about":[{"href":"https:\/\/tvbrazilusa.com\/pt\/wp-json\/wp\/v2\/types\/post"}],"author":[{"embeddable":true,"href":"https:\/\/tvbrazilusa.com\/pt\/wp-json\/wp\/v2\/users\/1"}],"replies":[{"embeddable":true,"href":"https:\/\/tvbrazilusa.com\/pt\/wp-json\/wp\/v2\/comments?post=97566"}],"version-history":[{"count":1,"href":"https:\/\/tvbrazilusa.com\/pt\/wp-json\/wp\/v2\/posts\/97566\/revisions"}],"predecessor-version":[{"id":97568,"href":"https:\/\/tvbrazilusa.com\/pt\/wp-json\/wp\/v2\/posts\/97566\/revisions\/97568"}],"wp:featuredmedia":[{"embeddable":true,"href":"https:\/\/tvbrazilusa.com\/pt\/wp-json\/wp\/v2\/media\/97567"}],"wp:attachment":[{"href":"https:\/\/tvbrazilusa.com\/pt\/wp-json\/wp\/v2\/media?parent=97566"}],"wp:term":[{"taxonomy":"category","embeddable":true,"href":"https:\/\/tvbrazilusa.com\/pt\/wp-json\/wp\/v2\/categories?post=97566"},{"taxonomy":"post_tag","embeddable":true,"href":"https:\/\/tvbrazilusa.com\/pt\/wp-json\/wp\/v2\/tags?post=97566"}],"curies":[{"name":"wp","href":"https:\/\/api.w.org\/{rel}","templated":true}]}}