{"id":97610,"date":"2025-01-31T02:36:39","date_gmt":"2025-01-31T02:36:39","guid":{"rendered":"https:\/\/tvbrazilusa.com\/2025\/01\/31\/orgulho-que-nem-todos-podem-ter-comemora-neymar-na-volta-ao-santos\/"},"modified":"2025-01-31T02:36:40","modified_gmt":"2025-01-31T02:36:40","slug":"orgulho-que-nem-todos-podem-ter-comemora-neymar-na-volta-ao-santos","status":"publish","type":"post","link":"https:\/\/tvbrazilusa.com\/pt\/2025\/01\/31\/orgulho-que-nem-todos-podem-ter-comemora-neymar-na-volta-ao-santos\/","title":{"rendered":"&#8216;Orgulho que nem todos podem ter&#8217;, comemora Neymar na volta ao Santos"},"content":{"rendered":"<p> <script async src=\"https:\/\/pagead2.googlesyndication.com\/pagead\/js\/adsbygoogle.js?client=ca-pub-8864793242727901\"\r\n     crossorigin=\"anonymous\"><\/script><br \/>\n<\/p>\n<div id=\"taboola-read-more\" style=\"display:block; width:100%\">\n<p>Nesta quinta-feira (30\/1), Neymar Jr. abriu o cora\u00e7\u00e3o e comentou o retorno para o Santos, clube em que foi revelado para o futebol profissional. O jogador demonstrou bastante emo\u00e7\u00e3o ao compartilhar a not\u00edcia para os f\u00e3s e seguidores. \u201cOrgulho que nem todos podem ter\u201d, disse.\n<\/p>\n<p>\u201cParece at\u00e9 que estou voltando no tempo. Estou aqui reunido com meus amigos e familiares. Eles me ajudaram a escrever algumas coisas, \u00e9 que n\u00e3o vou aguentar at\u00e9 amanh\u00e3. Minha fam\u00edlia e meus amigos j\u00e1 sabem minha decis\u00e3o. Assinarei um contrato com o Santos Futebol Clube\u201d, pontuou.<\/p>\n<p>Neymar prosseguiu: \u201cQuase 12 anos se passaram desde que sa\u00ed da Vila mais famosa do mundo e parece que foi ontem. Meu sentimento pelo clube e pela torcida nunca mudou. Passei momentos maravilhosos em Riad, a Ar\u00e1bia Saudita me recebeu de uma forma surreal\u2026 fui muito feliz aqui.\u201d\n<\/p>\n<p><strong>Apoio dos f\u00e3s e da torcida<\/strong><br \/>O pai de Mavie pediu para que os torcedores e os admiradores da sua arte continuem o apoiando. \u201cEspero que todos me acompanhem nessa nova etapa da minha vida. Sou grato a todos voc\u00eas que me apoiaram, at\u00e9 nos momentos mais dif\u00edceis, e n\u00e3o foram poucos. S\u00f3 jogando futebol, fazendo o que eu mais amo nessa vida, \u00e9 que eu sou feliz\u201d, frisou.\n<\/p>\n<p>Por fim, Neymar afirmou que se sente realizado em retornar para o alvinegro, onde ganhou uma Libertadores, em 2011. \u201c\u00c9 um orgulho que nem todos podem ter. Parece que essas palavras j\u00e1 foram escritas. E talvez j\u00e1 tenham sido mesmo. E eu estou muito feliz em poder escrever de novo\u201d, concluiu.\n<\/p>\n<p><strong>An\u00fancio oficial<\/strong><br \/>O presidente do Santos usou as redes sociais, no \u00faltimo dia 28, para contar a novidade sobre Neymar, que vestir\u00e1 a camisa 10.\n<\/p>\n<p><strong>Apresenta\u00e7\u00e3o<\/strong><br \/>Neymar ser\u00e1 apresentado aos torcedores do Peixe em duas etapas. A primeira, no pr\u00f3ximo s\u00e1bado (1\u00ba\/2), na Vila Belmiro.\n<\/p>\n<p>E a segunda no dia 5 de fevereiro, data em que o boleiro completa 33 anos, na partida contra o Botafogo-SP, pelo Campeonato Paulista.\n<\/p>\n<p>Fonte: Metr\u00f3poles              <\/p>\n<\/div>\n<p><br \/>\n<br \/><a href=\"https:\/\/diariodobrasilnoticias.com.br\/noticia\/-orgulho-que-nem-todos-podem-ter-comemora-neymar-na-volta-ao-santos-679bf9bd86357\">Source link <\/a><\/p>","protected":false},"excerpt":{"rendered":"<p>Nesta quinta-feira (30\/1), Neymar Jr. abriu o cora\u00e7\u00e3o e comentou o retorno para o Santos, clube em que foi revelado para o futebol profissional. O jogador demonstrou bastante emo\u00e7\u00e3o ao&hellip;<\/p>","protected":false},"author":1,"featured_media":97611,"comment_status":"closed","ping_status":"open","sticky":false,"template":"","format":"standard","meta":{"content-type":"","footnotes":""},"categories":[16],"tags":[123,2448,5313,1267],"class_list":["post-97610","post","type-post","status-publish","format-standard","has-post-thumbnail","hentry","category-noticias","tag-brasil","tag-diario","tag-noticia","tag-noticias"],"_links":{"self":[{"href":"https:\/\/tvbrazilusa.com\/pt\/wp-json\/wp\/v2\/posts\/97610","targetHints":{"allow":["GET"]}}],"collection":[{"href":"https:\/\/tvbrazilusa.com\/pt\/wp-json\/wp\/v2\/posts"}],"about":[{"href":"https:\/\/tvbrazilusa.com\/pt\/wp-json\/wp\/v2\/types\/post"}],"author":[{"embeddable":true,"href":"https:\/\/tvbrazilusa.com\/pt\/wp-json\/wp\/v2\/users\/1"}],"replies":[{"embeddable":true,"href":"https:\/\/tvbrazilusa.com\/pt\/wp-json\/wp\/v2\/comments?post=97610"}],"version-history":[{"count":1,"href":"https:\/\/tvbrazilusa.com\/pt\/wp-json\/wp\/v2\/posts\/97610\/revisions"}],"predecessor-version":[{"id":97612,"href":"https:\/\/tvbrazilusa.com\/pt\/wp-json\/wp\/v2\/posts\/97610\/revisions\/97612"}],"wp:featuredmedia":[{"embeddable":true,"href":"https:\/\/tvbrazilusa.com\/pt\/wp-json\/wp\/v2\/media\/97611"}],"wp:attachment":[{"href":"https:\/\/tvbrazilusa.com\/pt\/wp-json\/wp\/v2\/media?parent=97610"}],"wp:term":[{"taxonomy":"category","embeddable":true,"href":"https:\/\/tvbrazilusa.com\/pt\/wp-json\/wp\/v2\/categories?post=97610"},{"taxonomy":"post_tag","embeddable":true,"href":"https:\/\/tvbrazilusa.com\/pt\/wp-json\/wp\/v2\/tags?post=97610"}],"curies":[{"name":"wp","href":"https:\/\/api.w.org\/{rel}","templated":true}]}}