{"id":97616,"date":"2025-01-31T03:03:52","date_gmt":"2025-01-31T03:03:52","guid":{"rendered":"https:\/\/tvbrazilusa.com\/2025\/01\/31\/homem-vai-pro-show-de-anitta-e-dopado-e-acorda-com-dor-no-anus\/"},"modified":"2025-01-31T03:03:53","modified_gmt":"2025-01-31T03:03:53","slug":"homem-vai-pro-show-de-anitta-e-dopado-e-acorda-com-dor-no-anus","status":"publish","type":"post","link":"https:\/\/tvbrazilusa.com\/pt\/2025\/01\/31\/homem-vai-pro-show-de-anitta-e-dopado-e-acorda-com-dor-no-anus\/","title":{"rendered":"Homem vai pro show de Anitta \u00e9 dopado e acorda com dor no \u00e2nus"},"content":{"rendered":"<p> <script async src=\"https:\/\/pagead2.googlesyndication.com\/pagead\/js\/adsbygoogle.js?client=ca-pub-8864793242727901\"\r\n     crossorigin=\"anonymous\"><\/script><br \/>\n<\/p>\n<div id=\"taboola-read-more\" style=\"display:block; width:100%\">\n<p>O homem de 32 anos estuprado no show da cantora Anitta na noite do \u00faltimo domingo (26\/1) em Ribeir\u00e3o Preto, no interior de S\u00e3o Paulo, relatou \u00e0 pol\u00edcia que foi dopado em algum momento da apresenta\u00e7\u00e3o e n\u00e3o se lembra de nada depois.\n<\/p>\n<p>Segundo fontes da pol\u00edcia, ele disse que acordou no dia seguinte com dores no orif\u00edcio anal. Ent\u00e3o, o rapaz foi \u00e0 delegacia para registrar o ocorr\u00eancia.<\/p>\n<p>A v\u00edtima, que n\u00e3o foi identificada, estava com um grupo de amigos e foi estuprado durante o evento.\n<\/p>\n<p>A Secretaria da Seguran\u00e7a P\u00fablica (SSP) informou, em nota, que o caso \u00e9 investigado pelo 8\u00b0 Distrito Policial de Ribeir\u00e3o Preto. Segundo a pasta, a v\u00edtima, um homem de 32 anos, compareceu \u00e0 delegacia e prestou depoimento, contando o ocorrido. Foi expedida uma requisi\u00e7\u00e3o para exame pericial no Instituto M\u00e9dico Legal (IML) e as dilig\u00eancias seguem em andamento para identificar os envolvidos e esclarecer os fatos. Demais detalhes ser\u00e3o preservados devido \u00e0 natureza da ocorr\u00eancia.\n<\/p>\n<p>Bebidas batizadas e furto de celulares<br \/>Diversos f\u00e3s usaram as redes sociais, ap\u00f3s o evento, para relatar casos como bebidas batizadas com \u201cBoa Noite, Cinderela\u201d e furto de celulares no show, marcado pela forte chuva que caiu no interior paulista.\n<\/p>\n<p>O que se sabe<br \/>O show da Anitta aconteceu no Est\u00e1dio do Comercial, que fica na Avenida Dr. Pl\u00ednio de Castro Prado, no bairro Jardim Paulista, em Ribeir\u00e3o.<br \/>Al\u00e9m da chuva, os f\u00e3s passaram por diversos perrengues.<br \/>Durante o evento, um homem foi estuprado ap\u00f3s ter sido dopado. Ele preencheu um boletim de ocorr\u00eancia (B.O. )sobre o caso.<br \/>Um casal de S\u00e3o Carlos, no interior paulista, relatou ao Metr\u00f3poles que a sua bebida foi batizada. Eles tiveram pertences roubados enquanto estavam apagados, do lado de fora da festa.<br \/>Caio Pierre, um publicit\u00e1rio de Monte Alto, teve o celular e carteira furtados durante o evento. Perdido dos amigos, ele teve que passar a noite na rua, tentando arrumar um jeito de chegar em casa.<br \/>Segundo o publicit\u00e1rio, ao menos 100 outras pessoas tiveram os celulares roubados no evento. Internautas tamb\u00e9m usaram as redes sociais para contar que perderam os seus aparelhos.\n<\/p>\n<p>Casal teve drink batizado no show da Anitta<br \/>Um casal de S\u00e3o Carlos, no interior de S\u00e3o Paulo, alugou uma van com amigos para ir ao Ensaio da Anitta, em Ribeir\u00e3o Preto. Os dois estavam na \u00e1rea open bar, separados do restante do grupo durante o evento. O casal, que preferiu n\u00e3o se identificar, contou ao Metr\u00f3poles que estava bebendo at\u00e9 aproximadamente a hora em que a cantora chegou no palco, por volta das 20h.\n<\/p>\n<p>Um dos jovens informou que j\u00e1 n\u00e3o lembra de nada a partir deste momento, s\u00f3 tendo mem\u00f3ria de quando chegou em casa, ap\u00f3s o show. Ele contou que, no momento da entrada de Anitta no palco, o namorado tamb\u00e9m come\u00e7ou a se sentir desorientado e percebeu que havia perdido o celular. Os dois foram at\u00e9 o ambulat\u00f3rio, onde o m\u00e9dico chegou a perguntar se eles estavam usando drogas e se podia dar soro na veia de um dos jovens.\n<\/p>\n<p>O namorado tamb\u00e9m percebeu, neste momento, que havia perdido o celular. Irritado com a situa\u00e7\u00e3o, o jovem quis ir embora e os dois se dirigiram para a rua, na entrada no evento. O homem usou o celular do parceiro para pedir um carro de aplicativo para voltar a S\u00e3o Carlos, por\u00e9m, o motorista n\u00e3o aceitou. Nesta hora, o namorado tamb\u00e9m perdeu a consci\u00eancia e apagou.\n<\/p>\n<p>\u201cPelo estado que nossas roupas ficaram e pelos machucados na m\u00e3o, acreditamos ter ca\u00eddo pela cal\u00e7ada e ter dormido at\u00e9 o hor\u00e1rio em que a festa acabou. Meu namorado acredita que perdemos nossos pertences nesse momento, do lado de fora da festa\u201d, relatou um dos jovens.\n<\/p>\n<p>O casal conseguiu encontrar os amigos no ponto de encontro por volta da 1h. O grupo, na mesma hora, suspeitou que os dois haviam sido drogados porque eles estavam \u201cvomitando uma cor amarela muito forte, enquanto as outras pessoas da festa vomitaram vermelho, a cor da bebida\u201d. No dia seguinte ao evento, j\u00e1 em casa, o casal ficou com n\u00e1usea e fraqueza. Ao todo, eles perderam um celular, uma carteira com documentos, cart\u00f5es, dinheiro, um \u00f3culos e uma bateria port\u00e1til.\n<\/p>\n<p>Diversos celulares furtados no evento<br \/>O publicit\u00e1rio Caio Pierre, que mora em Monte Alto, a cerca de 75 quil\u00f4metros de dist\u00e2ncia de Ribeir\u00e3o Preto, tamb\u00e9m foi ao local de van. Em determinado momento do show, um amigo acreditou que seu celular havia sido roubado. O jovem, ent\u00e3o, foi pegar o seu aparelho telef\u00f4nico para ligar para o amigo. Neste momento, ele percebeu que seu z\u00edper estava aberto e que tanto seu celular quanto sua carteira n\u00e3o estavam l\u00e1.\n<\/p>\n<p>\u201cEsse rol\u00ea foi totalmente horr\u00edvel para mim. Foi extremamente traum\u00e1tico, tenso demais, decepcionante [\u2026] Para mim, foi um saldo negativo gigantesco porque foi roubado minha carteira, meu celular, meu \u00f3culos, meu bon\u00e9 e uma corrente de prata tran\u00e7ada que era bem cara tamb\u00e9m\u201d, contou o publicit\u00e1rio.\n<\/p>\n<p>Sem celular e documentos, Caio se perdeu de seus amigos na hora de ir embora. Ele n\u00e3o tinha como conversar com o pessoal que estava na van que ele havia alugado para ir ao show e acabou sendo deixado para tr\u00e1s, em Ribeir\u00e3o. O publicit\u00e1rio teve que ficar sentado, sozinho, na porta do Est\u00e1dio do Comercial, onde o evento aconteceu, esperando algum conhecido passar.\n<\/p>\n<p>Em determinado momento, o jovem teve um ataque de p\u00e2nico e foi socorrido por outra pessoa que estava passando, que tamb\u00e9m havia sido assaltada e havia se perdido de seus amigos. Os dois, ent\u00e3o, caminharam por 1 hora e 30 minutos do est\u00e1dio at\u00e9 a rodovi\u00e1ria da cidade, onde conseguiram comprar passagens de \u00f4nibus para voltarem para casa. O show acabou por volta de 1h da manh\u00e3 e Caio s\u00f3 conseguiu embarcar \u00e0s 8h. \u201cEu passei a madrugada inteira na rodovi\u00e1ria sem dinheiro, sem cart\u00e3o, sem celular, sem nada\u201d, disse ao Metr\u00f3poles.\n<\/p>\n<p>Caio, que foi colocado em um grupo de WhatsApp com outras pessoas que tamb\u00e9m perderam o celular no show da Anitta, disse que a mesma coisa aconteceu com ao menos 100 pessoas e que cerca de 40 haviam preenchido boletins de ocorr\u00eancia. O grupo quer entrar em a\u00e7\u00e3o coletiva contra a Faro Eventos, que organizou o show, porque, al\u00e9m de tudo, eles relatam ter sido maltratados pelos seguran\u00e7as.\n<\/p>\n<p>Procurada sobre a quantidade de ocorr\u00eancias de furto durante o show, a Secretaria da Seguran\u00e7a P\u00fablica (SSP) disse que n\u00e3o realiza esse tipo de levantamento.\n<\/p>\n<p>Cr\u00edticas \u00e0 empresa que organizou o evento<br \/>Tanto o casal que teve o copo batizado quanto o publicit\u00e1rio que teve o celular furtado criticaram a organiza\u00e7\u00e3o do evento, realizada pela Faro Eventos. \u201cA gente sabe que o pessoal dos Ensaios e da equipe da Anitta n\u00e3o tem nada a ver com a situa\u00e7\u00e3o, mas a Faro Eventos est\u00e1 se importando zero com a situa\u00e7\u00e3o\u201d, lamentou Caio.\n<\/p>\n<p>O jovem tamb\u00e9m contou que a organiza\u00e7\u00e3o da revista na entrada do show foi p\u00e9ssima. Segundo ele, os seguran\u00e7as mal olharam para as pessoas e as bolsas. O casal de S\u00e3o Carlos notou que havia pouqu\u00edssimos seguran\u00e7as no local. \u201cDespreparo, descuido, falta de estrutura e de organiza\u00e7\u00e3o por parte da produ\u00e7\u00e3o do evento, a empresa Faro\u201d, desabafaram.\n<\/p>\n<p>O casal tamb\u00e9m lamenta a neglig\u00eancia e falta de transpar\u00eancia da Faro sobre a recupera\u00e7\u00e3o dos objetos perdidos durante o show.\n<\/p>\n<p>O Metr\u00f3poles procurou a empresa para um posicionamento sobre o ocorrido, mas n\u00e3o obteve resposta at\u00e9 o fechamento desta reportagem. O espa\u00e7o segue aberto. A reportagem tamb\u00e9m procurou a assessoria da cantora Anitta, mas n\u00e3o obteve resposta. O espa\u00e7o est\u00e1 aberto para manifesta\u00e7\u00e3o.\n<\/p>\n<p>Fonte: Metr\u00f3poles              <\/p>\n<\/div>\n<p><br \/>\n<br \/><a href=\"https:\/\/diariodobrasilnoticias.com.br\/noticia\/homem-vai-pro-show-de-anitta-e-dopado-e-acorda-com-dor-no-anus-679bf942aa6b0\">Source link <\/a><\/p>","protected":false},"excerpt":{"rendered":"<p>O homem de 32 anos estuprado no show da cantora Anitta na noite do \u00faltimo domingo (26\/1) em Ribeir\u00e3o Preto, no interior de S\u00e3o Paulo, relatou \u00e0 pol\u00edcia que foi&hellip;<\/p>","protected":false},"author":1,"featured_media":97617,"comment_status":"closed","ping_status":"open","sticky":false,"template":"","format":"standard","meta":{"content-type":"","footnotes":""},"categories":[16],"tags":[123,2448,5313,1267],"class_list":["post-97616","post","type-post","status-publish","format-standard","has-post-thumbnail","hentry","category-noticias","tag-brasil","tag-diario","tag-noticia","tag-noticias"],"_links":{"self":[{"href":"https:\/\/tvbrazilusa.com\/pt\/wp-json\/wp\/v2\/posts\/97616","targetHints":{"allow":["GET"]}}],"collection":[{"href":"https:\/\/tvbrazilusa.com\/pt\/wp-json\/wp\/v2\/posts"}],"about":[{"href":"https:\/\/tvbrazilusa.com\/pt\/wp-json\/wp\/v2\/types\/post"}],"author":[{"embeddable":true,"href":"https:\/\/tvbrazilusa.com\/pt\/wp-json\/wp\/v2\/users\/1"}],"replies":[{"embeddable":true,"href":"https:\/\/tvbrazilusa.com\/pt\/wp-json\/wp\/v2\/comments?post=97616"}],"version-history":[{"count":1,"href":"https:\/\/tvbrazilusa.com\/pt\/wp-json\/wp\/v2\/posts\/97616\/revisions"}],"predecessor-version":[{"id":97618,"href":"https:\/\/tvbrazilusa.com\/pt\/wp-json\/wp\/v2\/posts\/97616\/revisions\/97618"}],"wp:featuredmedia":[{"embeddable":true,"href":"https:\/\/tvbrazilusa.com\/pt\/wp-json\/wp\/v2\/media\/97617"}],"wp:attachment":[{"href":"https:\/\/tvbrazilusa.com\/pt\/wp-json\/wp\/v2\/media?parent=97616"}],"wp:term":[{"taxonomy":"category","embeddable":true,"href":"https:\/\/tvbrazilusa.com\/pt\/wp-json\/wp\/v2\/categories?post=97616"},{"taxonomy":"post_tag","embeddable":true,"href":"https:\/\/tvbrazilusa.com\/pt\/wp-json\/wp\/v2\/tags?post=97616"}],"curies":[{"name":"wp","href":"https:\/\/api.w.org\/{rel}","templated":true}]}}