{"id":97619,"date":"2025-01-31T03:15:23","date_gmt":"2025-01-31T03:15:23","guid":{"rendered":"https:\/\/tvbrazilusa.com\/2025\/01\/31\/eua-vao-taxar-canada-e-mexico-em-25-a-partir-de-fevereiro\/"},"modified":"2025-01-31T03:15:25","modified_gmt":"2025-01-31T03:15:25","slug":"eua-vao-taxar-canada-e-mexico-em-25-a-partir-de-fevereiro","status":"publish","type":"post","link":"https:\/\/tvbrazilusa.com\/pt\/2025\/01\/31\/eua-vao-taxar-canada-e-mexico-em-25-a-partir-de-fevereiro\/","title":{"rendered":"EUA v\u00e3o taxar Canad\u00e1 e M\u00e9xico em 25% a partir de fevereiro"},"content":{"rendered":"<p> <script async src=\"https:\/\/pagead2.googlesyndication.com\/pagead\/js\/adsbygoogle.js?client=ca-pub-8864793242727901\"\r\n     crossorigin=\"anonymous\"><\/script><br \/>\n<\/p>\n<div id=\"taboola-read-more\" style=\"display:block; width:100%\">\n<p>O presidente dos Estados Unidos, Donald Trump (Republicano), confirmou nesta 5\u00aa feira (30.jan.2025) que aplicar\u00e1 tarifas de 25% sobre produtos do Canad\u00e1 e do M\u00e9xico a partir de s\u00e1bado (1.fev).\n<\/p>\n<p>Segundo o republicano, a decis\u00e3o de taxar os 2 pa\u00edses foi tomada por \u201cin\u00fameras raz\u00f5es\u201d, mas citou apenas 3 causas. A 1\u00aa seria por causa dos \u201cin\u00fameros e horr\u00edveis\u201d imigrantes que o M\u00e9xico e Canad\u00e1 teriam levado aos EUA. O 2\u00ba motivo seriam as drogas que passam pelas fronteiras e entram em territ\u00f3rio norte-americano.<\/p>\n<p>A \u00faltima raz\u00e3o que Trump apontou seriam os \u201cenormes\u201d subs\u00eddios que os EUA fornecem aos 2 pa\u00edses em forma de deficit nas contas p\u00fablicas norte-americanas.\n<\/p>\n<p>Em declara\u00e7\u00e3o na Casa Branca, Trump foi questionado se os EUA tamb\u00e9m taxariam o petr\u00f3leo do Canad\u00e1 e do M\u00e9xico. O republicano respondeu que o combust\u00edvel \u201cn\u00e3o tem nada a ver\u201d com as tarifas de 25% de 1\u00ba de fevereiro.\n<\/p>\n<p>Entretanto, poucos minutos depois o presidente norte-americano voltou atr\u00e1s e disse que a equipe presidencial determinar\u00e1 nesta 5\u00aa se inclui ou n\u00e3o o petr\u00f3leo dentro das tarifas.\n<\/p>\n<p>\u201cN\u00f3s vamos ver, depende como est\u00e1 o pre\u00e7o [do petr\u00f3leo canadense e mexicano], dependese o petr\u00f3leo estar\u00e1 com o pre\u00e7o correto, se eles nos v\u00e3o nos vender corretamente\u201d, disse Trump.\n<\/p>\n<p>Segundo Trump, o M\u00e9xico e o Canad\u00e1 \u201cnunca\u201d foram bons e nem um \u201cpouco amig\u00e1veis\u201d com os EUA em trocas comerciais. \u201cN\u00f3s n\u00e3o precisamos dos produtos que eles tem, n\u00f3s temos todo o petr\u00f3leo que voc\u00eas precisam [\u2026] n\u00f3s temos mais que qualquer um\u201d, afirmou o republicano.\n<\/p>\n<p>Apesar da declara\u00e7\u00e3o de Trump, o Canad\u00e1 fornece mais da metade de todo o petr\u00f3leo bruto dos EUA. Caso a taxa\u00e7\u00e3o siga, haveria um impacto na produ\u00e7\u00e3o petrol\u00edfera canadense, atingindo diretamente o pre\u00e7o da gasolina e dos combust\u00edveis.\n<\/p>\n<p>O presidente tamb\u00e9m voltou a acusar a China de enviar fentanil aos EUA, afirmou que o pa\u00eds asi\u00e1tico \u201cpagar\u00e1 tarifas\u201d por \u201ccentenas de mortes\u201d causadas pela entrada da droga.\n<\/p>\n<p>\u201cN\u00f3s vamos determinar quanto ser\u00e1 [a taxa], mas a China tem que parar de mandar fentanil para o nosso pa\u00eds e matar o nosso povo\u201d, disse Trump.\n<\/p>\n<p>Fonte: Poder 360              <\/p>\n<\/div>\n<p><br \/>\n<br \/><a href=\"https:\/\/diariodobrasilnoticias.com.br\/noticia\/eua-vao-taxar-canada-e-mexico-em-25-a-partir-de-fevereiro-679c0a4254eeb\">Source link <\/a><\/p>","protected":false},"excerpt":{"rendered":"<p>O presidente dos Estados Unidos, Donald Trump (Republicano), confirmou nesta 5\u00aa feira (30.jan.2025) que aplicar\u00e1 tarifas de 25% sobre produtos do Canad\u00e1 e do M\u00e9xico a partir de s\u00e1bado (1.fev).&hellip;<\/p>","protected":false},"author":1,"featured_media":97620,"comment_status":"closed","ping_status":"open","sticky":false,"template":"","format":"standard","meta":{"content-type":"","footnotes":""},"categories":[16],"tags":[123,2448,5313,1267],"class_list":["post-97619","post","type-post","status-publish","format-standard","has-post-thumbnail","hentry","category-noticias","tag-brasil","tag-diario","tag-noticia","tag-noticias"],"_links":{"self":[{"href":"https:\/\/tvbrazilusa.com\/pt\/wp-json\/wp\/v2\/posts\/97619","targetHints":{"allow":["GET"]}}],"collection":[{"href":"https:\/\/tvbrazilusa.com\/pt\/wp-json\/wp\/v2\/posts"}],"about":[{"href":"https:\/\/tvbrazilusa.com\/pt\/wp-json\/wp\/v2\/types\/post"}],"author":[{"embeddable":true,"href":"https:\/\/tvbrazilusa.com\/pt\/wp-json\/wp\/v2\/users\/1"}],"replies":[{"embeddable":true,"href":"https:\/\/tvbrazilusa.com\/pt\/wp-json\/wp\/v2\/comments?post=97619"}],"version-history":[{"count":1,"href":"https:\/\/tvbrazilusa.com\/pt\/wp-json\/wp\/v2\/posts\/97619\/revisions"}],"predecessor-version":[{"id":97621,"href":"https:\/\/tvbrazilusa.com\/pt\/wp-json\/wp\/v2\/posts\/97619\/revisions\/97621"}],"wp:featuredmedia":[{"embeddable":true,"href":"https:\/\/tvbrazilusa.com\/pt\/wp-json\/wp\/v2\/media\/97620"}],"wp:attachment":[{"href":"https:\/\/tvbrazilusa.com\/pt\/wp-json\/wp\/v2\/media?parent=97619"}],"wp:term":[{"taxonomy":"category","embeddable":true,"href":"https:\/\/tvbrazilusa.com\/pt\/wp-json\/wp\/v2\/categories?post=97619"},{"taxonomy":"post_tag","embeddable":true,"href":"https:\/\/tvbrazilusa.com\/pt\/wp-json\/wp\/v2\/tags?post=97619"}],"curies":[{"name":"wp","href":"https:\/\/api.w.org\/{rel}","templated":true}]}}