{"id":9765,"date":"2024-07-27T04:00:00","date_gmt":"2024-07-27T04:00:00","guid":{"rendered":"https:\/\/tvbrazilusa.com\/2024\/07\/27\/atletas-estudantes-do-condado-de-henry-comemoram-o-dia-da-midia\/"},"modified":"2024-07-27T04:53:23","modified_gmt":"2024-07-27T04:53:23","slug":"atletas-estudantes-do-condado-de-henry-comemoram-o-dia-da-midia","status":"publish","type":"post","link":"https:\/\/tvbrazilusa.com\/pt\/2024\/07\/27\/atletas-estudantes-do-condado-de-henry-comemoram-o-dia-da-midia\/","title":{"rendered":"Atletas-estudantes do Condado de Henry comemoram o Dia da M\u00eddia"},"content":{"rendered":"<script async src=\"https:\/\/pagead2.googlesyndication.com\/pagead\/js\/adsbygoogle.js?client=ca-pub-8864793242727901\"\r\n     crossorigin=\"anonymous\"><\/script>\n<p>Como o primeiro dia de aula est\u00e1 chegando, 1\u00ba de agosto, no Condado de Henry, isso tamb\u00e9m significa que a temporada de esportes do ensino m\u00e9dio de 2024-25 est\u00e1 chegando. Para dar in\u00edcio \u00e0 pr\u00f3xima temporada, atletas e treinadores do ensino m\u00e9dio de\u2026<br \/>\n<br \/><br \/>\n<br \/><a href=\"https:\/\/www.henryherald.com\/news\/henry-county-student-athletes-celebrate-media-day\/article_fe5b6cd0-494c-11ef-b24b-b392d69ef348.html\">Source link <\/a><\/p>","protected":false},"excerpt":{"rendered":"<p>Como o primeiro dia de aula est\u00e1 chegando, 1\u00ba de agosto, no Condado de Henry, isso tamb\u00e9m significa que a temporada de esportes do ensino m\u00e9dio de 2024-25 est\u00e1 chegando.&hellip;<\/p>","protected":false},"author":1,"featured_media":9766,"comment_status":"closed","ping_status":"open","sticky":false,"template":"","format":"standard","meta":{"content-type":"","footnotes":""},"categories":[1],"tags":[],"class_list":["post-9765","post","type-post","status-publish","format-standard","has-post-thumbnail","hentry","category-uncategorized"],"_links":{"self":[{"href":"https:\/\/tvbrazilusa.com\/pt\/wp-json\/wp\/v2\/posts\/9765","targetHints":{"allow":["GET"]}}],"collection":[{"href":"https:\/\/tvbrazilusa.com\/pt\/wp-json\/wp\/v2\/posts"}],"about":[{"href":"https:\/\/tvbrazilusa.com\/pt\/wp-json\/wp\/v2\/types\/post"}],"author":[{"embeddable":true,"href":"https:\/\/tvbrazilusa.com\/pt\/wp-json\/wp\/v2\/users\/1"}],"replies":[{"embeddable":true,"href":"https:\/\/tvbrazilusa.com\/pt\/wp-json\/wp\/v2\/comments?post=9765"}],"version-history":[{"count":1,"href":"https:\/\/tvbrazilusa.com\/pt\/wp-json\/wp\/v2\/posts\/9765\/revisions"}],"predecessor-version":[{"id":9767,"href":"https:\/\/tvbrazilusa.com\/pt\/wp-json\/wp\/v2\/posts\/9765\/revisions\/9767"}],"wp:featuredmedia":[{"embeddable":true,"href":"https:\/\/tvbrazilusa.com\/pt\/wp-json\/wp\/v2\/media\/9766"}],"wp:attachment":[{"href":"https:\/\/tvbrazilusa.com\/pt\/wp-json\/wp\/v2\/media?parent=9765"}],"wp:term":[{"taxonomy":"category","embeddable":true,"href":"https:\/\/tvbrazilusa.com\/pt\/wp-json\/wp\/v2\/categories?post=9765"},{"taxonomy":"post_tag","embeddable":true,"href":"https:\/\/tvbrazilusa.com\/pt\/wp-json\/wp\/v2\/tags?post=9765"}],"curies":[{"name":"wp","href":"https:\/\/api.w.org\/{rel}","templated":true}]}}