{"id":97688,"date":"2025-01-31T00:31:10","date_gmt":"2025-01-31T00:31:10","guid":{"rendered":"https:\/\/tvbrazilusa.com\/2025\/01\/31\/pai-de-connecticut-entre-os-da-american-airlines-flight-que-caiu-em-washington-dc\/"},"modified":"2025-01-31T12:27:37","modified_gmt":"2025-01-31T12:27:37","slug":"pai-de-connecticut-entre-os-da-american-airlines-flight-que-caiu-em-washington-dc","status":"publish","type":"post","link":"https:\/\/tvbrazilusa.com\/pt\/2025\/01\/31\/pai-de-connecticut-entre-os-da-american-airlines-flight-que-caiu-em-washington-dc\/","title":{"rendered":"Pai de Connecticut entre os da American Airlines Flight que caiu em Washington, DC"},"content":{"rendered":"<script async src=\"https:\/\/pagead2.googlesyndication.com\/pagead\/js\/adsbygoogle.js?client=ca-pub-8864793242727901\"\r\n     crossorigin=\"anonymous\"><\/script>\n<p>Salem, Connecticut (WTNH) &#8211; Um homem de Connecticut estava entre as pessoas mortas em<a href=\"https:\/\/www.wtnh.com\/news\/national\/passenger-jet-with-64-aboard-collides-with-army-helicopter-while-landing-at-reagan-airport\/\" data-type=\"post\" data-id=\"2103944\"> A American Airlines Crash<\/a> Em Washington, DC na noite de quarta -feira, de acordo com a senadora estadual Martha Marx.<\/p>\n<div class=\"nlp-ignore-block article-content rich-text\">\n<aside class=\"promo-link\">\n\t<a href=\"https:\/\/www.wtnh.com\/news\/connecticut\/figure-skating-pair-with-connecticut-ties-feared-dead-after-plane-crash\/?ipid=promo-link-block1\" class=\"promo-link__link\" target=\"\"_blank\"\"><\/p>\n<p>\t\tPar de patins com os la\u00e7os de Connecticut mortos em acidente de avi\u00e3o\t<\/a><br \/>\n<\/aside>\n<\/div>\n<p>Casey Crafton era marido e pai de tr\u00eas filhos de Salem.<\/p>\n<p>O governador Ned Lamont (D-Conn.) Divulgou uma declara\u00e7\u00e3o sobre <a href=\"https:\/\/x.com\/GovNedLamont\/status\/1885144209704800289\" data-type=\"link\" data-id=\"https:\/\/x.com\/GovNedLamont\/status\/1885144209704800289\">X<\/a> sobre a morte de Crafton.<\/p>\n<p>&#8220;Meu cora\u00e7\u00e3o est\u00e1 com a fam\u00edlia Crafton-Gadbois ap\u00f3s a tr\u00e1gica perda de Casey Crafton no acidente de avi\u00e3o de ontem. Salem perdeu um pai, marido e membro da comunidade dedicados. Por favor, mantenha sua fam\u00edlia em seus pensamentos e ora\u00e7\u00f5es durante este momento incrivelmente dif\u00edcil . &#8220;<\/p>\n<div class=\"nlp-ignore-block article-content rich-text\">\n<aside class=\"promo-link\">\n\t<a href=\"https:\/\/www.wtnh.com\/news\/national\/recovery-work-continues-after-deadliest-us-air-disaster-in-almost-a-quarter-century\/?ipid=promo-link-block2\" class=\"promo-link__link\"><\/p>\n<p>\t\tO trabalho de recupera\u00e7\u00e3o continua ap\u00f3s o desastre a\u00e9reo mais mortal dos EUA em quase um quarto de s\u00e9culo\t<\/a><br \/>\n<\/aside>\n<\/div>\n<p>Crafton esteve envolvido na Salem Little League e treinador do Montville Youth Soccer Club.<\/p>\n<p>&#8220;Nossa pequena cidade est\u00e1 com o cora\u00e7\u00e3o partido por uma trag\u00e9dia devastadora envolvendo um de nossos amados membros da Little League&#8221;, Salem Little League <a href=\"https:\/\/www.facebook.com\/SYBLCT\" data-type=\"link\" data-id=\"https:\/\/www.facebook.com\/SYBLCT\" target=\"_blank\" rel=\"noreferrer noopener\">Postado no Facebook<\/a>. &#8220;A fam\u00edlia Crafton, profundamente envolvida em todas as coisas que Salem, sofreu uma perda inimagin\u00e1vel. Com cora\u00e7\u00f5es pesados, compartilhamos as not\u00edcias de que Casey Crafton faleceu tragicamente no horr\u00edvel acidente de companhia a\u00e9rea em Washington DC. Mantenha sua fam\u00edlia perto de seus cora\u00e7\u00f5es e em suas ora\u00e7\u00f5es durante este momento dif\u00edcil. &#8220;<\/p>\n<p>&#8220;O treinador Casey era um volunt\u00e1rio valioso do Montville Youth Soccer, que ajudou a enriquecer a vida de todos aqueles com quem entrou em contato&#8221;, o clube de futebol <a href=\"https:\/\/www.facebook.com\/montvillesoccer\" data-type=\"link\" data-id=\"https:\/\/www.facebook.com\/montvillesoccer\">Postado no Facebook<\/a>. &#8220;Nossas condol\u00eancias mais profundas v\u00e3o para sua fam\u00edlia durante esse tempo tr\u00e1gico&#8221;.<\/p>\n<p>Um trem de refei\u00e7\u00f5es foi estabelecido para a fam\u00edlia Crafton. <a href=\"https:\/\/www.mealtrain.com\/trains\/yrz79e\" data-type=\"link\" data-id=\"https:\/\/www.mealtrain.com\/trains\/yrz79e\" target=\"_blank\" rel=\"noreferrer noopener\">Clique aqui<\/a> Para mais informa\u00e7\u00f5es. <\/p>\n<p><br \/>\n<br \/><a href=\"https:\/\/www.wtnh.com\/news\/connecticut\/new-london\/connecticut-father-among-those-on-american-airlines-flight-that-crashed-in-washington-d-c\/\">Source link <\/a><\/p>","protected":false},"excerpt":{"rendered":"<p>Salem, Connecticut (WTNH) &#8211; Um homem de Connecticut estava entre as pessoas mortas em A American Airlines Crash Em Washington, DC na noite de quarta -feira, de acordo com a&hellip;<\/p>","protected":false},"author":1,"featured_media":97522,"comment_status":"closed","ping_status":"open","sticky":false,"template":"","format":"standard","meta":{"content-type":"","footnotes":""},"categories":[1],"tags":[],"class_list":["post-97688","post","type-post","status-publish","format-standard","has-post-thumbnail","hentry","category-uncategorized"],"_links":{"self":[{"href":"https:\/\/tvbrazilusa.com\/pt\/wp-json\/wp\/v2\/posts\/97688","targetHints":{"allow":["GET"]}}],"collection":[{"href":"https:\/\/tvbrazilusa.com\/pt\/wp-json\/wp\/v2\/posts"}],"about":[{"href":"https:\/\/tvbrazilusa.com\/pt\/wp-json\/wp\/v2\/types\/post"}],"author":[{"embeddable":true,"href":"https:\/\/tvbrazilusa.com\/pt\/wp-json\/wp\/v2\/users\/1"}],"replies":[{"embeddable":true,"href":"https:\/\/tvbrazilusa.com\/pt\/wp-json\/wp\/v2\/comments?post=97688"}],"version-history":[{"count":1,"href":"https:\/\/tvbrazilusa.com\/pt\/wp-json\/wp\/v2\/posts\/97688\/revisions"}],"predecessor-version":[{"id":97689,"href":"https:\/\/tvbrazilusa.com\/pt\/wp-json\/wp\/v2\/posts\/97688\/revisions\/97689"}],"wp:featuredmedia":[{"embeddable":true,"href":"https:\/\/tvbrazilusa.com\/pt\/wp-json\/wp\/v2\/media\/97522"}],"wp:attachment":[{"href":"https:\/\/tvbrazilusa.com\/pt\/wp-json\/wp\/v2\/media?parent=97688"}],"wp:term":[{"taxonomy":"category","embeddable":true,"href":"https:\/\/tvbrazilusa.com\/pt\/wp-json\/wp\/v2\/categories?post=97688"},{"taxonomy":"post_tag","embeddable":true,"href":"https:\/\/tvbrazilusa.com\/pt\/wp-json\/wp\/v2\/tags?post=97688"}],"curies":[{"name":"wp","href":"https:\/\/api.w.org\/{rel}","templated":true}]}}