{"id":97732,"date":"2025-01-31T14:48:42","date_gmt":"2025-01-31T14:48:42","guid":{"rendered":"https:\/\/tvbrazilusa.com\/2025\/01\/31\/pm-morre-baleado-durante-operacao-no-complexo-de-israel\/"},"modified":"2025-01-31T14:48:44","modified_gmt":"2025-01-31T14:48:44","slug":"pm-morre-baleado-durante-operacao-no-complexo-de-israel","status":"publish","type":"post","link":"https:\/\/tvbrazilusa.com\/pt\/2025\/01\/31\/pm-morre-baleado-durante-operacao-no-complexo-de-israel\/","title":{"rendered":"PM morre baleado durante opera\u00e7\u00e3o no Complexo de Israel"},"content":{"rendered":"<p> <script async src=\"https:\/\/pagead2.googlesyndication.com\/pagead\/js\/adsbygoogle.js?client=ca-pub-8864793242727901\"\r\n     crossorigin=\"anonymous\"><\/script><br \/>\n<\/p>\n<div id=\"taboola-read-more\" style=\"display:block; width:100%\">\n<p>Um policial militar morreu ap\u00f3s ser baleado durante a megaopera\u00e7\u00e3o no Complexo de Israel, na zona Norte do Rio de Janeiro. Ele havia sido encaminhado para o Hospital Estadual Get\u00falio Vargas.\n<\/p>\n<p>O agente foi identificado como o 1\u00b0 tenente Marcos Jos\u00e9 Oliveira de Amorim do 41\u00b0BPM (Iraj\u00e1).\u00a0<\/p>\n<p>A megaopera\u00e7\u00e3o da PM foi deflagrada nas comunidades de Cidade Alta, Cinco Bocas e Guapor\u00e9, todas na regi\u00e3o dominada pelo Terceiro Comando Puro (TCP).\n<\/p>\n<p>Cerca de 400 policiais militares com 10 ve\u00edculos blindados participam nesta manh\u00e3. O objetivo \u00e9 coibir a expans\u00e3o territorial da fac\u00e7\u00e3o criminosa, al\u00e9m de reprimir os confrontos entre grupos criminosos rivais com a atua\u00e7\u00e3o de narcotraficantes.\n<\/p>\n<p>A a\u00e7\u00e3o \u00e9 comandada pelo Comando de Opera\u00e7\u00f5es Especiais (COE) da PM, com participa\u00e7\u00e3o do Batalh\u00e3o de Opera\u00e7\u00f5es Especiais (Bope), a tropa de elite da corpora\u00e7\u00e3o.\n<\/p>\n<p><span data-olk-copy-source=\"MessageBody\">\u201cA opera\u00e7\u00e3o realizada na manh\u00e3 desta sexta-feira (31) no Complexo de Israel \u00e9 resultado do compromisso firmado pela Secretaria de Estado de Pol\u00edcia Militar em devolver o territ\u00f3rio das regi\u00f5es ocupadas pelas fac\u00e7\u00f5es criminosas ao cidad\u00e3o carioca e fluminense. A a\u00e7\u00e3o est\u00e1 sendo realizada de maneira t\u00e9cnica, com base em informa\u00e7\u00f5es de intelig\u00eancia, obedecendo a todos os protocolos de seguran\u00e7a\u201d, afirma o Coronel Marcelo de Menezes Nogueira, Secret\u00e1rio de Estado de Pol\u00edcia Militar do Rio de Janeiro.\u00a0<\/span>\n<\/p>\n<p>Moradores relataram a movimenta\u00e7\u00e3o policial nas comunidades, assim como intensos tiroteios desde as primeiras horas desta manh\u00e3. A PM tamb\u00e9m informou que removeu barricadas colocadas pelos criminosos para dificultar o acesso das equipes nas comunidades.\n<\/p>\n<p>Neste momento, a Avenida Brasil est\u00e1 parcialmente interditada com uma faixa da pista lateral bloqueada pela Pol\u00edcia Militar. A informa\u00e7\u00e3o \u00e9 do Centro de Opera\u00e7\u00f5es Rio, que alerta para que motoristas evitem o trecho da Cidade Alta da via.<\/p>\n<p>Fonte: CNN Brasil              <\/p>\n<\/div>\n<p><br \/>\n<br \/><a href=\"https:\/\/diariodobrasilnoticias.com.br\/noticia\/pm-morre-baleado-durante-operacao-no-complexo-de-israel-679cddddad8ac\">Source link <\/a><\/p>","protected":false},"excerpt":{"rendered":"<p>Um policial militar morreu ap\u00f3s ser baleado durante a megaopera\u00e7\u00e3o no Complexo de Israel, na zona Norte do Rio de Janeiro. Ele havia sido encaminhado para o Hospital Estadual Get\u00falio&hellip;<\/p>","protected":false},"author":1,"featured_media":97733,"comment_status":"closed","ping_status":"open","sticky":false,"template":"","format":"standard","meta":{"content-type":"","footnotes":""},"categories":[16],"tags":[123,2448,5313,1267],"class_list":["post-97732","post","type-post","status-publish","format-standard","has-post-thumbnail","hentry","category-noticias","tag-brasil","tag-diario","tag-noticia","tag-noticias"],"_links":{"self":[{"href":"https:\/\/tvbrazilusa.com\/pt\/wp-json\/wp\/v2\/posts\/97732","targetHints":{"allow":["GET"]}}],"collection":[{"href":"https:\/\/tvbrazilusa.com\/pt\/wp-json\/wp\/v2\/posts"}],"about":[{"href":"https:\/\/tvbrazilusa.com\/pt\/wp-json\/wp\/v2\/types\/post"}],"author":[{"embeddable":true,"href":"https:\/\/tvbrazilusa.com\/pt\/wp-json\/wp\/v2\/users\/1"}],"replies":[{"embeddable":true,"href":"https:\/\/tvbrazilusa.com\/pt\/wp-json\/wp\/v2\/comments?post=97732"}],"version-history":[{"count":1,"href":"https:\/\/tvbrazilusa.com\/pt\/wp-json\/wp\/v2\/posts\/97732\/revisions"}],"predecessor-version":[{"id":97734,"href":"https:\/\/tvbrazilusa.com\/pt\/wp-json\/wp\/v2\/posts\/97732\/revisions\/97734"}],"wp:featuredmedia":[{"embeddable":true,"href":"https:\/\/tvbrazilusa.com\/pt\/wp-json\/wp\/v2\/media\/97733"}],"wp:attachment":[{"href":"https:\/\/tvbrazilusa.com\/pt\/wp-json\/wp\/v2\/media?parent=97732"}],"wp:term":[{"taxonomy":"category","embeddable":true,"href":"https:\/\/tvbrazilusa.com\/pt\/wp-json\/wp\/v2\/categories?post=97732"},{"taxonomy":"post_tag","embeddable":true,"href":"https:\/\/tvbrazilusa.com\/pt\/wp-json\/wp\/v2\/tags?post=97732"}],"curies":[{"name":"wp","href":"https:\/\/api.w.org\/{rel}","templated":true}]}}