{"id":97738,"date":"2025-01-31T15:03:41","date_gmt":"2025-01-31T15:03:41","guid":{"rendered":"https:\/\/tvbrazilusa.com\/2025\/01\/31\/irrisorio-estados-unidos-consideram-o-brasil-um-comprador-nanico-de-seus-produtos-representando-pouco-mais-de-1-do-que-os-eua-exportam\/"},"modified":"2025-01-31T15:03:43","modified_gmt":"2025-01-31T15:03:43","slug":"irrisorio-estados-unidos-consideram-o-brasil-um-comprador-nanico-de-seus-produtos-representando-pouco-mais-de-1-do-que-os-eua-exportam","status":"publish","type":"post","link":"https:\/\/tvbrazilusa.com\/pt\/2025\/01\/31\/irrisorio-estados-unidos-consideram-o-brasil-um-comprador-nanico-de-seus-produtos-representando-pouco-mais-de-1-do-que-os-eua-exportam\/","title":{"rendered":"Irris\u00f3rio: Estados Unidos consideram o Brasil um comprador &#8216;nanico&#8217; de seus produtos representando pouco mais de 1% do que os EUA exportam"},"content":{"rendered":"<p> <script async src=\"https:\/\/pagead2.googlesyndication.com\/pagead\/js\/adsbygoogle.js?client=ca-pub-8864793242727901\"\r\n     crossorigin=\"anonymous\"><\/script><br \/>\n<\/p>\n<div>\n<figure class=\"post-image\">\n<\/figure>\n<p>            <span style=\"font-size: 12px\">Alan Santos\/PR<\/span><\/p>\n<p>            <!-- end metas --><br \/>\n            <!-- ADS --><\/p>\n<div id=\"taboola-read-more\" style=\"display:block; width:100%\">\n<p>Em resposta \u00e0s amea\u00e7as de Donald Trump de taxar produtos brasileiros, o presidente Lula prometeu uma reciprocidade em taxar importa\u00e7\u00f5es dos Estados Unidos. No entanto, o impacto dessa medida para a economia americana seria marginal, uma vez que as exporta\u00e7\u00f5es para o Brasil representam apenas cerca de 1,6% do total exportado pelos EUA. Os Estados Unidos t\u00eam uma economia diversificada e mercados globais onde compensariam facilmente quaisquer perdas comerciais no Brasil.\n<\/p>\n<p>Por outro lado, o Brasil poderia enfrentar consequ\u00eancias mais significativas se os EUA decidissem impor tarifas sobre produtos brasileiros. O setor automobil\u00edstico brasileiro, que depende fortemente do mercado norte-americano, estaria particularmente vulner\u00e1vel. A ind\u00fastria automotiva do Brasil exporta ve\u00edculos e pe\u00e7as para os EUA, e um aumento nas tarifas poderia reduzir a competitividade desses produtos, afetando negativamente o emprego e a produ\u00e7\u00e3o no pa\u00eds.<\/p>\n<p>Portanto, enquanto as amea\u00e7as de Lula de taxar produtos dos EUA podem ser vistas mais como um gesto simb\u00f3lico de retalia\u00e7\u00e3o, a realidade econ\u00f4mica sugere que o Brasil tem mais a perder em uma guerra comercial com os Estados Unidos. A depend\u00eancia do Brasil em rela\u00e7\u00e3o ao mercado americano em setores-chave como o automotivo poderia levar a uma desvantagem consider\u00e1vel, enquanto os EUA t\u00eam op\u00e7\u00f5es de mercado suficientes para absorver o impacto de uma retra\u00e7\u00e3o no com\u00e9rcio com o Brasil.              <\/p>\n<\/div>\n<p>                        <!-- Scripts para conteudo --><\/p>\n<p>            <!-- .\/Scripts para conteudo --><br \/>\n            <!-- .\/Mat\u00e9ria --><\/p>\n<div class=\"row mt-3\">\n<div class=\"col-sm-6\">\n                <!-- Whatsapp channel 3--><br \/>\n                <a href=\"https:\/\/chat.whatsapp.com\/B8Qy6Erx4kb6yTzj3kaDco\" target=\"_blank\"><br \/>\n                  <img decoding=\"async\" src=\"https:\/\/diariodobrasilnoticias.com.br\/assets-site\/images\/bot_whatsapp.png\"\/><\/a>\n              <\/div>\n<div class=\"col-sm-6\">\n                <a href=\"https:\/\/t.me\/+_4gTmi5LKo03OTM5\" target=\"_blank\"><br \/>\n                  <img decoding=\"async\" src=\"https:\/\/diariodobrasilnoticias.com.br\/assets-site\/images\/bot_telegram.png\"\/><\/a>\n              <\/div>\n<\/p><\/div>\n<p>            <!-- end post-navigation --><\/p>\n<p>              <!-- end row --><\/p>\n<p>              <!-- end col-12-->\n                      <\/div>\n<p><br \/>\n<br \/><a href=\"https:\/\/diariodobrasilnoticias.com.br\/noticia\/irrisorio-estados-unidos-consideram-o-brasil-um-comprador-nanico-de-seus-produtos-representando-pouco-mais-de-1-do-que-os-eua-exportam-679cded5225e6\">Source link <\/a><\/p>","protected":false},"excerpt":{"rendered":"<p>Alan Santos\/PR Em resposta \u00e0s amea\u00e7as de Donald Trump de taxar produtos brasileiros, o presidente Lula prometeu uma reciprocidade em taxar importa\u00e7\u00f5es dos Estados Unidos. No entanto, o impacto dessa&hellip;<\/p>","protected":false},"author":1,"featured_media":97739,"comment_status":"closed","ping_status":"open","sticky":false,"template":"","format":"standard","meta":{"content-type":"","footnotes":""},"categories":[16],"tags":[123,2448,5313,1267],"class_list":["post-97738","post","type-post","status-publish","format-standard","has-post-thumbnail","hentry","category-noticias","tag-brasil","tag-diario","tag-noticia","tag-noticias"],"_links":{"self":[{"href":"https:\/\/tvbrazilusa.com\/pt\/wp-json\/wp\/v2\/posts\/97738","targetHints":{"allow":["GET"]}}],"collection":[{"href":"https:\/\/tvbrazilusa.com\/pt\/wp-json\/wp\/v2\/posts"}],"about":[{"href":"https:\/\/tvbrazilusa.com\/pt\/wp-json\/wp\/v2\/types\/post"}],"author":[{"embeddable":true,"href":"https:\/\/tvbrazilusa.com\/pt\/wp-json\/wp\/v2\/users\/1"}],"replies":[{"embeddable":true,"href":"https:\/\/tvbrazilusa.com\/pt\/wp-json\/wp\/v2\/comments?post=97738"}],"version-history":[{"count":1,"href":"https:\/\/tvbrazilusa.com\/pt\/wp-json\/wp\/v2\/posts\/97738\/revisions"}],"predecessor-version":[{"id":97740,"href":"https:\/\/tvbrazilusa.com\/pt\/wp-json\/wp\/v2\/posts\/97738\/revisions\/97740"}],"wp:featuredmedia":[{"embeddable":true,"href":"https:\/\/tvbrazilusa.com\/pt\/wp-json\/wp\/v2\/media\/97739"}],"wp:attachment":[{"href":"https:\/\/tvbrazilusa.com\/pt\/wp-json\/wp\/v2\/media?parent=97738"}],"wp:term":[{"taxonomy":"category","embeddable":true,"href":"https:\/\/tvbrazilusa.com\/pt\/wp-json\/wp\/v2\/categories?post=97738"},{"taxonomy":"post_tag","embeddable":true,"href":"https:\/\/tvbrazilusa.com\/pt\/wp-json\/wp\/v2\/tags?post=97738"}],"curies":[{"name":"wp","href":"https:\/\/api.w.org\/{rel}","templated":true}]}}