{"id":97741,"date":"2025-01-31T14:59:00","date_gmt":"2025-01-31T14:59:00","guid":{"rendered":"https:\/\/tvbrazilusa.com\/2025\/01\/31\/o-graduado-da-middletown-high-school-se-lembra-de-esposa-e-filha-mortas-no-acidente-de-aviao-da-dc\/"},"modified":"2025-01-31T15:10:28","modified_gmt":"2025-01-31T15:10:28","slug":"o-graduado-da-middletown-high-school-se-lembra-de-esposa-e-filha-mortas-no-acidente-de-aviao-da-dc","status":"publish","type":"post","link":"https:\/\/tvbrazilusa.com\/pt\/2025\/01\/31\/o-graduado-da-middletown-high-school-se-lembra-de-esposa-e-filha-mortas-no-acidente-de-aviao-da-dc\/","title":{"rendered":"O graduado da Middletown High School se lembra de esposa e filha mortas no acidente de avi\u00e3o da DC"},"content":{"rendered":"<script async src=\"https:\/\/pagead2.googlesyndication.com\/pagead\/js\/adsbygoogle.js?client=ca-pub-8864793242727901\"\r\n     crossorigin=\"anonymous\"><\/script>\n<p>NEW HAVEN, Connecticut (WTNH) &#8211; Um homem com la\u00e7os de Connecticut est\u00e1 de luto pela perda de sua esposa e filha, que foram mortas no acidente de avi\u00e3o da American Airlines em Washington, DC<\/p>\n<p>Andrew Beyer contou <a href=\"https:\/\/abcnews.go.com\/US\/dc-crash-victims-aboard-american-airlines-flight-5342\/story?id=118250442\" data-type=\"link\" data-id=\"https:\/\/abcnews.go.com\/US\/dc-crash-victims-aboard-american-airlines-flight-5342\/story?id=118250442\">ABC News<\/a> que sua esposa, Justyna Magdalena Beyer, 42, e a filha, Brielle, 12, estavam retornando do campo de desenvolvimento nacional de patina\u00e7\u00e3o art\u00edstica dos EUA em Wichita, Kansas.<\/p>\n<div class=\"nlp-ignore-block article-content rich-text\">\n<aside class=\"promo-link\">\n\t<a href=\"https:\/\/www.wtnh.com\/news\/national\/what-we-know-about-the-dc-plane-crash-victims\/?ipid=promo-link-block1\" class=\"promo-link__link\"><\/p>\n<p>\t\tO que sabemos sobre as v\u00edtimas de acidente de avi\u00e3o da DC\t<\/a><br \/>\n<\/aside>\n<\/div>\n<p>De acordo com o superintendente das Escolas P\u00fablicas de Middletown, Andrew Beyer se formou na Middletown High School em 1998.<\/p>\n<p>Brielle era membro do clube de skate do norte da Virg\u00ednia e venceu o c\u00e2ncer quando tinha apenas 4 meses de idade, disse Beyer.<\/p>\n<div class=\"nlp-ignore-block article-content rich-text\">\n<aside class=\"promo-link\">\n\t<a href=\"https:\/\/www.wtnh.com\/news\/connecticut\/figure-skating-community-mourns-dc-plane-crash-victims-with-connecticut-ties\/?ipid=promo-link-block2\" class=\"promo-link__link\"><\/p>\n<p>\t\tComunidade de patina\u00e7\u00e3o art\u00edstica lamenta v\u00edtimas de acidente de avi\u00e3o dc com la\u00e7os de Connecticut\t<\/a><br \/>\n<\/aside>\n<\/div>\n<p>&#8220;Ela era t\u00e3o lutadora em tudo o que fez&#8221;, disse Beyer sobre sua filha em <a href=\"https:\/\/abcnews.go.com\/US\/dc-crash-victims-aboard-american-airlines-flight-5342\/story?id=118250442\" data-type=\"link\" data-id=\"https:\/\/abcnews.go.com\/US\/dc-crash-victims-aboard-american-airlines-flight-5342\/story?id=118250442\">Uma entrevista com a ABC News<\/a>. &#8220;Ela acabou de viver a vida ao m\u00e1ximo com tudo.&#8221;<\/p>\n<p>O casal tamb\u00e9m tem um filho de 6 anos, disse ele.<\/p>\n<p><br \/>\n<br \/><a href=\"https:\/\/www.wtnh.com\/news\/connecticut\/middletown-high-school-graduate-remembers-wife-and-daughter-killed-in-dc-plane-crash\/\">Source link <\/a><\/p>","protected":false},"excerpt":{"rendered":"<p>NEW HAVEN, Connecticut (WTNH) &#8211; Um homem com la\u00e7os de Connecticut est\u00e1 de luto pela perda de sua esposa e filha, que foram mortas no acidente de avi\u00e3o da American&hellip;<\/p>","protected":false},"author":1,"featured_media":97522,"comment_status":"closed","ping_status":"open","sticky":false,"template":"","format":"standard","meta":{"content-type":"","footnotes":""},"categories":[1],"tags":[],"class_list":["post-97741","post","type-post","status-publish","format-standard","has-post-thumbnail","hentry","category-uncategorized"],"_links":{"self":[{"href":"https:\/\/tvbrazilusa.com\/pt\/wp-json\/wp\/v2\/posts\/97741","targetHints":{"allow":["GET"]}}],"collection":[{"href":"https:\/\/tvbrazilusa.com\/pt\/wp-json\/wp\/v2\/posts"}],"about":[{"href":"https:\/\/tvbrazilusa.com\/pt\/wp-json\/wp\/v2\/types\/post"}],"author":[{"embeddable":true,"href":"https:\/\/tvbrazilusa.com\/pt\/wp-json\/wp\/v2\/users\/1"}],"replies":[{"embeddable":true,"href":"https:\/\/tvbrazilusa.com\/pt\/wp-json\/wp\/v2\/comments?post=97741"}],"version-history":[{"count":1,"href":"https:\/\/tvbrazilusa.com\/pt\/wp-json\/wp\/v2\/posts\/97741\/revisions"}],"predecessor-version":[{"id":97742,"href":"https:\/\/tvbrazilusa.com\/pt\/wp-json\/wp\/v2\/posts\/97741\/revisions\/97742"}],"wp:featuredmedia":[{"embeddable":true,"href":"https:\/\/tvbrazilusa.com\/pt\/wp-json\/wp\/v2\/media\/97522"}],"wp:attachment":[{"href":"https:\/\/tvbrazilusa.com\/pt\/wp-json\/wp\/v2\/media?parent=97741"}],"wp:term":[{"taxonomy":"category","embeddable":true,"href":"https:\/\/tvbrazilusa.com\/pt\/wp-json\/wp\/v2\/categories?post=97741"},{"taxonomy":"post_tag","embeddable":true,"href":"https:\/\/tvbrazilusa.com\/pt\/wp-json\/wp\/v2\/tags?post=97741"}],"curies":[{"name":"wp","href":"https:\/\/api.w.org\/{rel}","templated":true}]}}