{"id":97752,"date":"2025-01-31T15:43:28","date_gmt":"2025-01-31T15:43:28","guid":{"rendered":"https:\/\/tvbrazilusa.com\/2025\/01\/31\/bolsonaro-afirma-estar-pronto-para-uma-possivel-prisao-a-qualquer-momento\/"},"modified":"2025-01-31T15:43:30","modified_gmt":"2025-01-31T15:43:30","slug":"bolsonaro-afirma-estar-pronto-para-uma-possivel-prisao-a-qualquer-momento","status":"publish","type":"post","link":"https:\/\/tvbrazilusa.com\/pt\/2025\/01\/31\/bolsonaro-afirma-estar-pronto-para-uma-possivel-prisao-a-qualquer-momento\/","title":{"rendered":"Bolsonaro afirma estar pronto para uma poss\u00edvel pris\u00e3o a qualquer momento"},"content":{"rendered":"<p> <script async src=\"https:\/\/pagead2.googlesyndication.com\/pagead\/js\/adsbygoogle.js?client=ca-pub-8864793242727901\"\r\n     crossorigin=\"anonymous\"><\/script><br \/>\n<\/p>\n<div id=\"taboola-read-more\" style=\"display:block; width:100%\">\n<p>O ex-presidente Jair Bolsonaro (PL) afirmou que est\u00e1 preparado para ser preso a qualquer momento pela Pol\u00edcia Federal. Bolsonaro foi indiciado pela PF na investiga\u00e7\u00e3o sobre a suposta tentativa de golpe, no caso das joias sauditas e no inqu\u00e9rito que apura a inser\u00e7\u00e3o de dados falsos em carteiras de vacina\u00e7\u00e3o.\n<\/p>\n<p>\u201cDurmo bem, mas j\u00e1 estou preparado para ouvir a campainha tocar \u00e0s seis da manh\u00e3: \u2018\u00c9 a Pol\u00edcia Federal!\u2019\u201d, afirmou o ex-mandat\u00e1rio em entrevista publicada nesta quinta-feira (30) pela revista americana Bloomberg.<\/p>\n<p>No desdobramento mais recente, o inqu\u00e9rito sobre a suposta trama golpista foi encaminhado \u00e0 Procuradoria-Geral da Rep\u00fablica (PGR). O \u00f3rg\u00e3o \u00e9 respons\u00e1vel por analisar os autos e decidir se h\u00e1 elementos suficientes para denunciar os envolvidos ou n\u00e3o. Al\u00e9m disso, a PGR tamb\u00e9m pode solicitar dilig\u00eancias complementares antes da den\u00fancia.\n<\/p>\n<p>O general da reserva e ex-ministro Walter Braga Netto, est\u00e1 preso desde 14 de dezembro de 2024 no \u00e2mbito do inqu\u00e9rito do golpe. O militar foi o candidato a vice-presidente na chapa de Bolsonaro em 2022.\n<\/p>\n<p>Esta n\u00e3o \u00e9 a primeira vez que o ex-mandat\u00e1rio fala sobre a possibilidade de ser preso. Na semana passada, ele afirmou que acorda todo dia com a \u201csensa\u00e7\u00e3o\u201d de ter a PF na porta de sua casa para prend\u00ea-lo.\n<\/p>\n<p>\u201cEu acordo todo dia com a sensa\u00e7\u00e3o da PF na porta. Qual a acusa\u00e7\u00e3o? N\u00e3o interessa\u201d, disse Bolsonaro ao canal AuriVerde, no YouTube, no \u00faltimo dia 22.\n<\/p>\n<p><strong>Bolsonaro cita semelhan\u00e7as com Trump<\/strong><br \/>O ex-presidente voltou a tra\u00e7ar paralelos entre sua hist\u00f3ria e a do presidente dos Estados Unidos, Donald Trump. \u201cEu fui esfaqueado aqui. Ele levou um tiro l\u00e1. Ele teve o 6 de janeiro, eu tive o 8 de janeiro. Fiquei muito feliz com a anistia que ele deu [aos invasores do Capit\u00f3lio]. Eu espero que n\u00e3o precisemos esperar eleger um conservador em 2026 para fazer o mesmo aqui\u201d, afirmou.\n<\/p>\n<p>O ex-presidente foi proibido de ir \u00e0 posse de Trump pelo ministro Alexandre de Moraes, do Supremo Tribunal Federal (STF). Ap\u00f3s voltar ao poder, o republicano perdoou 1,5 mil acusados pela invas\u00e3o do Capit\u00f3lio em 2021. Bolsonaro defende a concess\u00e3o de anistia aos presos pelos atos de 8 de janeiro de 2023. A medida tamb\u00e9m pode benefici\u00e1-lo.\n<\/p>\n<p>Em entrevista \u00e0 Bloomberg, ele reiterou que se sente \u201cperseguido\u201d e disse que o tenente-coronel Mauro Cid o acusou por estar sendo \u201cchantageado\u201d. Para Bolsonaro, as alega\u00e7\u00f5es de Cid na dela\u00e7\u00e3o premiada s\u00e3o \u201cabsurdas\u201d. A dela\u00e7\u00e3o \u00e9 uma das bases dos inqu\u00e9ritos contra o ex-presidente.<\/p>\n<p>Fonte: Gazeta do Povo              <\/p>\n<\/div>\n<p><br \/>\n<br \/><a href=\"https:\/\/diariodobrasilnoticias.com.br\/noticia\/bolsonaro-afirma-estar-pronto-para-uma-possivel-prisao-a-qualquer-momento-679cd5963421c\">Source link <\/a><\/p>","protected":false},"excerpt":{"rendered":"<p>O ex-presidente Jair Bolsonaro (PL) afirmou que est\u00e1 preparado para ser preso a qualquer momento pela Pol\u00edcia Federal. Bolsonaro foi indiciado pela PF na investiga\u00e7\u00e3o sobre a suposta tentativa de&hellip;<\/p>","protected":false},"author":1,"featured_media":97753,"comment_status":"closed","ping_status":"open","sticky":false,"template":"","format":"standard","meta":{"content-type":"","footnotes":""},"categories":[16],"tags":[123,2448,5313,1267],"class_list":["post-97752","post","type-post","status-publish","format-standard","has-post-thumbnail","hentry","category-noticias","tag-brasil","tag-diario","tag-noticia","tag-noticias"],"_links":{"self":[{"href":"https:\/\/tvbrazilusa.com\/pt\/wp-json\/wp\/v2\/posts\/97752","targetHints":{"allow":["GET"]}}],"collection":[{"href":"https:\/\/tvbrazilusa.com\/pt\/wp-json\/wp\/v2\/posts"}],"about":[{"href":"https:\/\/tvbrazilusa.com\/pt\/wp-json\/wp\/v2\/types\/post"}],"author":[{"embeddable":true,"href":"https:\/\/tvbrazilusa.com\/pt\/wp-json\/wp\/v2\/users\/1"}],"replies":[{"embeddable":true,"href":"https:\/\/tvbrazilusa.com\/pt\/wp-json\/wp\/v2\/comments?post=97752"}],"version-history":[{"count":1,"href":"https:\/\/tvbrazilusa.com\/pt\/wp-json\/wp\/v2\/posts\/97752\/revisions"}],"predecessor-version":[{"id":97754,"href":"https:\/\/tvbrazilusa.com\/pt\/wp-json\/wp\/v2\/posts\/97752\/revisions\/97754"}],"wp:featuredmedia":[{"embeddable":true,"href":"https:\/\/tvbrazilusa.com\/pt\/wp-json\/wp\/v2\/media\/97753"}],"wp:attachment":[{"href":"https:\/\/tvbrazilusa.com\/pt\/wp-json\/wp\/v2\/media?parent=97752"}],"wp:term":[{"taxonomy":"category","embeddable":true,"href":"https:\/\/tvbrazilusa.com\/pt\/wp-json\/wp\/v2\/categories?post=97752"},{"taxonomy":"post_tag","embeddable":true,"href":"https:\/\/tvbrazilusa.com\/pt\/wp-json\/wp\/v2\/tags?post=97752"}],"curies":[{"name":"wp","href":"https:\/\/api.w.org\/{rel}","templated":true}]}}