{"id":97773,"date":"2025-01-31T16:38:39","date_gmt":"2025-01-31T16:38:39","guid":{"rendered":"https:\/\/tvbrazilusa.com\/2025\/01\/31\/empresario-se-envolve-em-ritual-no-cemiterio-e-nunca-mais-sai-de-la-veja-video\/"},"modified":"2025-01-31T16:38:43","modified_gmt":"2025-01-31T16:38:43","slug":"empresario-se-envolve-em-ritual-no-cemiterio-e-nunca-mais-sai-de-la-veja-video","status":"publish","type":"post","link":"https:\/\/tvbrazilusa.com\/pt\/2025\/01\/31\/empresario-se-envolve-em-ritual-no-cemiterio-e-nunca-mais-sai-de-la-veja-video\/","title":{"rendered":"Empres\u00e1rio se envolve em ritual no cemit\u00e9rio e nunca mais sai de l\u00e1; VEJA V\u00cdDEO"},"content":{"rendered":"<p> <script async src=\"https:\/\/pagead2.googlesyndication.com\/pagead\/js\/adsbygoogle.js?client=ca-pub-8864793242727901\"\r\n     crossorigin=\"anonymous\"><\/script><br \/>\n<\/p>\n<div id=\"taboola-read-more\" style=\"display:block; width:100%\">\n<p>O corpo de Davi Aires Costa, empres\u00e1rio de 63 anos, foi encontrado no Cemit\u00e9rio da Saudade, em Sumar\u00e9, em 18 de janeiro, ap\u00f3s seu desaparecimento, registrado seis dias antes. A v\u00edtima foi brutalmente assassinada e estava em avan\u00e7ado estado de decomposi\u00e7\u00e3o.<\/p>\n<p>As investiga\u00e7\u00f5es indicaram que Davi foi rendido e for\u00e7ado a realizar transfer\u00eancias banc\u00e1rias, antes de ser estrangulado, agredido com um cabo de vassoura e baleado. Dois suspeitos foram detidos: \u201cFucho\u201d, ex-funcion\u00e1rio da v\u00edtima, e uma recepcionista, que participaram do crime. A terceira suspeita, identificada como Tuta, segue foragida.<\/p>\n<p>Segundo as apura\u00e7\u00f5es, Tuta, l\u00edder espiritual da quadrilha, utilizava a religi\u00e3o para coagir e amedrontar seus seguidores, com o objetivo de obter vantagens financeiras.<br \/>\u201cFucho\u201d, por sua vez, alegou que ele e sua fam\u00edlia foram amea\u00e7ados por Tuta, que o for\u00e7ou a cometer o homic\u00eddio.\n<\/p>\n<p>ASSISTA:<\/p>\n<p>Fonte: @luizbacci              <\/p>\n<\/div>\n<p><br \/>\n<br \/><a href=\"https:\/\/diariodobrasilnoticias.com.br\/noticia\/empresario-se-envolve-em-ritual-no-cemiterio-e-nunca-mais-sai-de-la-veja-video-679cdcfb96e2c\">Source link <\/a><\/p>","protected":false},"excerpt":{"rendered":"<p>O corpo de Davi Aires Costa, empres\u00e1rio de 63 anos, foi encontrado no Cemit\u00e9rio da Saudade, em Sumar\u00e9, em 18 de janeiro, ap\u00f3s seu desaparecimento, registrado seis dias antes. A&hellip;<\/p>","protected":false},"author":1,"featured_media":97774,"comment_status":"closed","ping_status":"open","sticky":false,"template":"","format":"standard","meta":{"content-type":"","footnotes":""},"categories":[16],"tags":[123,2448,5313,1267],"class_list":["post-97773","post","type-post","status-publish","format-standard","has-post-thumbnail","hentry","category-noticias","tag-brasil","tag-diario","tag-noticia","tag-noticias"],"_links":{"self":[{"href":"https:\/\/tvbrazilusa.com\/pt\/wp-json\/wp\/v2\/posts\/97773","targetHints":{"allow":["GET"]}}],"collection":[{"href":"https:\/\/tvbrazilusa.com\/pt\/wp-json\/wp\/v2\/posts"}],"about":[{"href":"https:\/\/tvbrazilusa.com\/pt\/wp-json\/wp\/v2\/types\/post"}],"author":[{"embeddable":true,"href":"https:\/\/tvbrazilusa.com\/pt\/wp-json\/wp\/v2\/users\/1"}],"replies":[{"embeddable":true,"href":"https:\/\/tvbrazilusa.com\/pt\/wp-json\/wp\/v2\/comments?post=97773"}],"version-history":[{"count":1,"href":"https:\/\/tvbrazilusa.com\/pt\/wp-json\/wp\/v2\/posts\/97773\/revisions"}],"predecessor-version":[{"id":97775,"href":"https:\/\/tvbrazilusa.com\/pt\/wp-json\/wp\/v2\/posts\/97773\/revisions\/97775"}],"wp:featuredmedia":[{"embeddable":true,"href":"https:\/\/tvbrazilusa.com\/pt\/wp-json\/wp\/v2\/media\/97774"}],"wp:attachment":[{"href":"https:\/\/tvbrazilusa.com\/pt\/wp-json\/wp\/v2\/media?parent=97773"}],"wp:term":[{"taxonomy":"category","embeddable":true,"href":"https:\/\/tvbrazilusa.com\/pt\/wp-json\/wp\/v2\/categories?post=97773"},{"taxonomy":"post_tag","embeddable":true,"href":"https:\/\/tvbrazilusa.com\/pt\/wp-json\/wp\/v2\/tags?post=97773"}],"curies":[{"name":"wp","href":"https:\/\/api.w.org\/{rel}","templated":true}]}}