{"id":97776,"date":"2025-01-31T16:51:03","date_gmt":"2025-01-31T16:51:03","guid":{"rendered":"https:\/\/tvbrazilusa.com\/2025\/01\/31\/lula-confessa-que-nao-cumpriu-o-que-prometeu-veja-video\/"},"modified":"2025-01-31T16:51:05","modified_gmt":"2025-01-31T16:51:05","slug":"lula-confessa-que-nao-cumpriu-o-que-prometeu-veja-video","status":"publish","type":"post","link":"https:\/\/tvbrazilusa.com\/pt\/2025\/01\/31\/lula-confessa-que-nao-cumpriu-o-que-prometeu-veja-video\/","title":{"rendered":"Lula confessa que n\u00e3o cumpriu o que prometeu; VEJA V\u00cdDEO"},"content":{"rendered":"<p> <script async src=\"https:\/\/pagead2.googlesyndication.com\/pagead\/js\/adsbygoogle.js?client=ca-pub-8864793242727901\"\r\n     crossorigin=\"anonymous\"><\/script><br \/>\n<\/p>\n<div id=\"taboola-read-more\" style=\"display:block; width:100%\">\n<p>Em uma declara\u00e7\u00e3o recente, o presidente Lula confessou que n\u00e3o conseguiu cumprir todas as promessas feitas durante sua campanha. Em um v\u00eddeo divulgado, ele reconheceu que algumas das metas estabelecidas n\u00e3o foram alcan\u00e7adas, deixando claro que h\u00e1 dificuldades e desafios em implementar algumas das pol\u00edticas planejadas.\u00a0Ap\u00f3s a confiss\u00e3o de Lula sobre o n\u00e3o cumprimento de algumas promessas, o marketeiro respons\u00e1vel pela comunica\u00e7\u00e3o do governo reagiu.<\/p>\n<p>\u00a0<\/p>\n<p>Fonte: Redes Sociais<\/p>\n<\/p><\/div>\n<p><br \/>\n<br \/><a href=\"https:\/\/diariodobrasilnoticias.com.br\/noticia\/lula-confessa-que-nao-cumpriu-o-que-prometeu-veja-video-679ce3cc4b18f\">Source link <\/a><\/p>","protected":false},"excerpt":{"rendered":"<p>Em uma declara\u00e7\u00e3o recente, o presidente Lula confessou que n\u00e3o conseguiu cumprir todas as promessas feitas durante sua campanha. Em um v\u00eddeo divulgado, ele reconheceu que algumas das metas estabelecidas&hellip;<\/p>","protected":false},"author":1,"featured_media":97777,"comment_status":"closed","ping_status":"open","sticky":false,"template":"","format":"standard","meta":{"content-type":"","footnotes":""},"categories":[16],"tags":[123,2448,5313,1267],"class_list":["post-97776","post","type-post","status-publish","format-standard","has-post-thumbnail","hentry","category-noticias","tag-brasil","tag-diario","tag-noticia","tag-noticias"],"_links":{"self":[{"href":"https:\/\/tvbrazilusa.com\/pt\/wp-json\/wp\/v2\/posts\/97776","targetHints":{"allow":["GET"]}}],"collection":[{"href":"https:\/\/tvbrazilusa.com\/pt\/wp-json\/wp\/v2\/posts"}],"about":[{"href":"https:\/\/tvbrazilusa.com\/pt\/wp-json\/wp\/v2\/types\/post"}],"author":[{"embeddable":true,"href":"https:\/\/tvbrazilusa.com\/pt\/wp-json\/wp\/v2\/users\/1"}],"replies":[{"embeddable":true,"href":"https:\/\/tvbrazilusa.com\/pt\/wp-json\/wp\/v2\/comments?post=97776"}],"version-history":[{"count":1,"href":"https:\/\/tvbrazilusa.com\/pt\/wp-json\/wp\/v2\/posts\/97776\/revisions"}],"predecessor-version":[{"id":97778,"href":"https:\/\/tvbrazilusa.com\/pt\/wp-json\/wp\/v2\/posts\/97776\/revisions\/97778"}],"wp:featuredmedia":[{"embeddable":true,"href":"https:\/\/tvbrazilusa.com\/pt\/wp-json\/wp\/v2\/media\/97777"}],"wp:attachment":[{"href":"https:\/\/tvbrazilusa.com\/pt\/wp-json\/wp\/v2\/media?parent=97776"}],"wp:term":[{"taxonomy":"category","embeddable":true,"href":"https:\/\/tvbrazilusa.com\/pt\/wp-json\/wp\/v2\/categories?post=97776"},{"taxonomy":"post_tag","embeddable":true,"href":"https:\/\/tvbrazilusa.com\/pt\/wp-json\/wp\/v2\/tags?post=97776"}],"curies":[{"name":"wp","href":"https:\/\/api.w.org\/{rel}","templated":true}]}}