{"id":97782,"date":"2025-01-31T17:04:15","date_gmt":"2025-01-31T17:04:15","guid":{"rendered":"https:\/\/tvbrazilusa.com\/2025\/01\/31\/o-emt-destruiu-2-meses-de-registros-medicos-de-paciente-de-nj-diz-o-promotor\/"},"modified":"2025-01-31T17:13:57","modified_gmt":"2025-01-31T17:13:57","slug":"o-emt-destruiu-2-meses-de-registros-medicos-de-paciente-de-nj-diz-o-promotor","status":"publish","type":"post","link":"https:\/\/tvbrazilusa.com\/pt\/2025\/01\/31\/o-emt-destruiu-2-meses-de-registros-medicos-de-paciente-de-nj-diz-o-promotor\/","title":{"rendered":"O EMT destruiu 2 meses de registros m\u00e9dicos de paciente de NJ, diz o promotor"},"content":{"rendered":"<script async src=\"https:\/\/pagead2.googlesyndication.com\/pagead\/js\/adsbygoogle.js?client=ca-pub-8864793242727901\"\r\n     crossorigin=\"anonymous\"><\/script>\n<div>\n<p class=\"article__paragraph article__paragraph--left\" id=\"ETW6DRYTNRC6JID77CNBFAOBK4\">Um t\u00e9cnico m\u00e9dico de emerg\u00eancia do Cliffside Park foi acusado na quinta-feira de destrui\u00e7\u00e3o intencional dos registros m\u00e9dicos de atendimento ao paciente durante um per\u00edodo de dois meses no ano passado, disseram as autoridades.<\/p>\n<p class=\"article__paragraph article__paragraph--left\" id=\"LURWU6TGJVFV7E7GIICOQTIRQQ\">O garoto de 20 anos, que mora em Nova York, foi acusado de destrui\u00e7\u00e3o, altera\u00e7\u00e3o ou falsifica\u00e7\u00e3o de um registro relacionado a cuidar de um paciente m\u00e9dico, de acordo com o promotor do condado de Bergen, Mark Musella.<\/p>\n<p class=\"article__paragraph article__paragraph--left\" id=\"U3NOSZYW6ZD5BKVXMZI3PCVNDI\">Os investigadores da Unidade de Investiga\u00e7\u00f5es Confidenciais do promotor receberam informa\u00e7\u00f5es em 22 de novembro de 2024, que relat\u00f3rios e gr\u00e1ficos associados a pedidos m\u00e9dicos de servi\u00e7o em Cliffside Park foram destru\u00eddos.<\/p>\n<\/div>\n<p><br \/>\n<br \/><a href=\"https:\/\/www.nj.com\/bergen\/2025\/01\/emt-destroyed-2-months-worth-of-nj-patient-medical-records-prosecutor-says.html\">Source link <\/a><\/p>","protected":false},"excerpt":{"rendered":"<p>Um t\u00e9cnico m\u00e9dico de emerg\u00eancia do Cliffside Park foi acusado na quinta-feira de destrui\u00e7\u00e3o intencional dos registros m\u00e9dicos de atendimento ao paciente durante um per\u00edodo de dois meses no ano&hellip;<\/p>","protected":false},"author":1,"featured_media":97783,"comment_status":"closed","ping_status":"open","sticky":false,"template":"","format":"standard","meta":{"content-type":"","footnotes":""},"categories":[1],"tags":[],"class_list":["post-97782","post","type-post","status-publish","format-standard","has-post-thumbnail","hentry","category-uncategorized"],"_links":{"self":[{"href":"https:\/\/tvbrazilusa.com\/pt\/wp-json\/wp\/v2\/posts\/97782","targetHints":{"allow":["GET"]}}],"collection":[{"href":"https:\/\/tvbrazilusa.com\/pt\/wp-json\/wp\/v2\/posts"}],"about":[{"href":"https:\/\/tvbrazilusa.com\/pt\/wp-json\/wp\/v2\/types\/post"}],"author":[{"embeddable":true,"href":"https:\/\/tvbrazilusa.com\/pt\/wp-json\/wp\/v2\/users\/1"}],"replies":[{"embeddable":true,"href":"https:\/\/tvbrazilusa.com\/pt\/wp-json\/wp\/v2\/comments?post=97782"}],"version-history":[{"count":1,"href":"https:\/\/tvbrazilusa.com\/pt\/wp-json\/wp\/v2\/posts\/97782\/revisions"}],"predecessor-version":[{"id":97784,"href":"https:\/\/tvbrazilusa.com\/pt\/wp-json\/wp\/v2\/posts\/97782\/revisions\/97784"}],"wp:featuredmedia":[{"embeddable":true,"href":"https:\/\/tvbrazilusa.com\/pt\/wp-json\/wp\/v2\/media\/97783"}],"wp:attachment":[{"href":"https:\/\/tvbrazilusa.com\/pt\/wp-json\/wp\/v2\/media?parent=97782"}],"wp:term":[{"taxonomy":"category","embeddable":true,"href":"https:\/\/tvbrazilusa.com\/pt\/wp-json\/wp\/v2\/categories?post=97782"},{"taxonomy":"post_tag","embeddable":true,"href":"https:\/\/tvbrazilusa.com\/pt\/wp-json\/wp\/v2\/tags?post=97782"}],"curies":[{"name":"wp","href":"https:\/\/api.w.org\/{rel}","templated":true}]}}