{"id":97793,"date":"2025-01-31T17:33:48","date_gmt":"2025-01-31T17:33:48","guid":{"rendered":"https:\/\/tvbrazilusa.com\/2025\/01\/31\/aeroporto-de-washington-tinha-menos-funcionarios-que-o-normal-no-momento-do-acidente\/"},"modified":"2025-01-31T17:33:49","modified_gmt":"2025-01-31T17:33:49","slug":"aeroporto-de-washington-tinha-menos-funcionarios-que-o-normal-no-momento-do-acidente","status":"publish","type":"post","link":"https:\/\/tvbrazilusa.com\/pt\/2025\/01\/31\/aeroporto-de-washington-tinha-menos-funcionarios-que-o-normal-no-momento-do-acidente\/","title":{"rendered":"Aeroporto de Washington tinha menos funcion\u00e1rios que o normal no momento do acidente"},"content":{"rendered":"<p> <script async src=\"https:\/\/pagead2.googlesyndication.com\/pagead\/js\/adsbygoogle.js?client=ca-pub-8864793242727901\"\r\n     crossorigin=\"anonymous\"><\/script><br \/>\n<\/p>\n<div id=\"taboola-read-more\" style=\"display:block; width:100%\">\n<p>No aeroporto Ronald Reagan, em Washington, Estados Unidos, um acidente envolvendo um avi\u00e3o da American Airlines e um helic\u00f3ptero militar ocorreu na noite de quarta-feira (29), em um momento em que havia uma quantidade inferior de controladores de voo.<\/p>\n<p>De acordo com um relat\u00f3rio preliminar da Administra\u00e7\u00e3o Federal de Avia\u00e7\u00e3o (FAA), apenas 19 controladores estavam dispon\u00edveis, enquanto a meta ideal \u00e9 de 30. Essa escassez de profissionais tem levado os controladores a enfrentarem longas jornadas de trabalho.<\/p>\n<p>O incidente aconteceu por volta das 21h, hor\u00e1rio local, quando o avi\u00e3o se preparava para aterrissar. Naquele momento, a torre de controle instruiu o piloto a mudar a pista de pouso. A FAA ainda n\u00e3o se manifestou sobre a possibilidade de erro por parte dos controladores durante a opera\u00e7\u00e3o.<\/p>\n<p>Fonte: Jovem Pan<\/p>\n<\/p><\/div>\n<p><br \/>\n<br \/><a href=\"https:\/\/diariodobrasilnoticias.com.br\/noticia\/aeroporto-de-washington-tinha-menos-funcionarios-que-o-normal-no-momento-do-acidente-679cf2a32f293\">Source link <\/a><\/p>","protected":false},"excerpt":{"rendered":"<p>No aeroporto Ronald Reagan, em Washington, Estados Unidos, um acidente envolvendo um avi\u00e3o da American Airlines e um helic\u00f3ptero militar ocorreu na noite de quarta-feira (29), em um momento em&hellip;<\/p>","protected":false},"author":1,"featured_media":97794,"comment_status":"closed","ping_status":"open","sticky":false,"template":"","format":"standard","meta":{"content-type":"","footnotes":""},"categories":[16],"tags":[123,2448,5313,1267],"class_list":["post-97793","post","type-post","status-publish","format-standard","has-post-thumbnail","hentry","category-noticias","tag-brasil","tag-diario","tag-noticia","tag-noticias"],"_links":{"self":[{"href":"https:\/\/tvbrazilusa.com\/pt\/wp-json\/wp\/v2\/posts\/97793","targetHints":{"allow":["GET"]}}],"collection":[{"href":"https:\/\/tvbrazilusa.com\/pt\/wp-json\/wp\/v2\/posts"}],"about":[{"href":"https:\/\/tvbrazilusa.com\/pt\/wp-json\/wp\/v2\/types\/post"}],"author":[{"embeddable":true,"href":"https:\/\/tvbrazilusa.com\/pt\/wp-json\/wp\/v2\/users\/1"}],"replies":[{"embeddable":true,"href":"https:\/\/tvbrazilusa.com\/pt\/wp-json\/wp\/v2\/comments?post=97793"}],"version-history":[{"count":1,"href":"https:\/\/tvbrazilusa.com\/pt\/wp-json\/wp\/v2\/posts\/97793\/revisions"}],"predecessor-version":[{"id":97795,"href":"https:\/\/tvbrazilusa.com\/pt\/wp-json\/wp\/v2\/posts\/97793\/revisions\/97795"}],"wp:featuredmedia":[{"embeddable":true,"href":"https:\/\/tvbrazilusa.com\/pt\/wp-json\/wp\/v2\/media\/97794"}],"wp:attachment":[{"href":"https:\/\/tvbrazilusa.com\/pt\/wp-json\/wp\/v2\/media?parent=97793"}],"wp:term":[{"taxonomy":"category","embeddable":true,"href":"https:\/\/tvbrazilusa.com\/pt\/wp-json\/wp\/v2\/categories?post=97793"},{"taxonomy":"post_tag","embeddable":true,"href":"https:\/\/tvbrazilusa.com\/pt\/wp-json\/wp\/v2\/tags?post=97793"}],"curies":[{"name":"wp","href":"https:\/\/api.w.org\/{rel}","templated":true}]}}