{"id":97820,"date":"2025-01-31T18:37:22","date_gmt":"2025-01-31T18:37:22","guid":{"rendered":"https:\/\/tvbrazilusa.com\/2025\/01\/31\/trump-sobre-queda-de-aviao-quer-que-eu-va-nadando-veja-video-2\/"},"modified":"2025-01-31T18:37:30","modified_gmt":"2025-01-31T18:37:30","slug":"trump-sobre-queda-de-aviao-quer-que-eu-va-nadando-veja-video-2","status":"publish","type":"post","link":"https:\/\/tvbrazilusa.com\/pt\/2025\/01\/31\/trump-sobre-queda-de-aviao-quer-que-eu-va-nadando-veja-video-2\/","title":{"rendered":"Trump sobre queda de avi\u00e3o: &#8216;quer que eu v\u00e1 nadando?&#8217;; VEJA V\u00cdDEO"},"content":{"rendered":"<p> <script async src=\"https:\/\/pagead2.googlesyndication.com\/pagead\/js\/adsbygoogle.js?client=ca-pub-8864793242727901\"\r\n     crossorigin=\"anonymous\"><\/script><br \/>\n<br \/>\u201cQuer que eu v\u00e1 nadando?\u201d, diz Trump ao ser perguntado se visitaria local da queda de avi\u00e3o em Washington<br \/>\n<br \/><br \/>\n<br \/><a href=\"https:\/\/diariodobrasilnoticias.com.br\/noticia\/trump-sobre-queda-de-aviao-quer-que-eu-va-nadando-679cf83f6f0cc\">Source link <\/a><\/p>","protected":false},"excerpt":{"rendered":"<p>\u201cQuer que eu v\u00e1 nadando?\u201d, diz Trump ao ser perguntado se visitaria local da queda de avi\u00e3o em Washington Source link<\/p>","protected":false},"author":1,"featured_media":97821,"comment_status":"closed","ping_status":"open","sticky":false,"template":"","format":"standard","meta":{"content-type":"","footnotes":""},"categories":[16],"tags":[123,2448,5313,1267],"class_list":["post-97820","post","type-post","status-publish","format-standard","has-post-thumbnail","hentry","category-noticias","tag-brasil","tag-diario","tag-noticia","tag-noticias"],"_links":{"self":[{"href":"https:\/\/tvbrazilusa.com\/pt\/wp-json\/wp\/v2\/posts\/97820","targetHints":{"allow":["GET"]}}],"collection":[{"href":"https:\/\/tvbrazilusa.com\/pt\/wp-json\/wp\/v2\/posts"}],"about":[{"href":"https:\/\/tvbrazilusa.com\/pt\/wp-json\/wp\/v2\/types\/post"}],"author":[{"embeddable":true,"href":"https:\/\/tvbrazilusa.com\/pt\/wp-json\/wp\/v2\/users\/1"}],"replies":[{"embeddable":true,"href":"https:\/\/tvbrazilusa.com\/pt\/wp-json\/wp\/v2\/comments?post=97820"}],"version-history":[{"count":1,"href":"https:\/\/tvbrazilusa.com\/pt\/wp-json\/wp\/v2\/posts\/97820\/revisions"}],"predecessor-version":[{"id":97824,"href":"https:\/\/tvbrazilusa.com\/pt\/wp-json\/wp\/v2\/posts\/97820\/revisions\/97824"}],"wp:featuredmedia":[{"embeddable":true,"href":"https:\/\/tvbrazilusa.com\/pt\/wp-json\/wp\/v2\/media\/97821"}],"wp:attachment":[{"href":"https:\/\/tvbrazilusa.com\/pt\/wp-json\/wp\/v2\/media?parent=97820"}],"wp:term":[{"taxonomy":"category","embeddable":true,"href":"https:\/\/tvbrazilusa.com\/pt\/wp-json\/wp\/v2\/categories?post=97820"},{"taxonomy":"post_tag","embeddable":true,"href":"https:\/\/tvbrazilusa.com\/pt\/wp-json\/wp\/v2\/tags?post=97820"}],"curies":[{"name":"wp","href":"https:\/\/api.w.org\/{rel}","templated":true}]}}