{"id":97834,"date":"2025-01-31T19:12:17","date_gmt":"2025-01-31T19:12:17","guid":{"rendered":"https:\/\/tvbrazilusa.com\/2025\/01\/31\/zambelli-perseguicao-contra-os-conservadores-e-visivel\/"},"modified":"2025-01-31T19:12:21","modified_gmt":"2025-01-31T19:12:21","slug":"zambelli-perseguicao-contra-os-conservadores-e-visivel","status":"publish","type":"post","link":"https:\/\/tvbrazilusa.com\/pt\/2025\/01\/31\/zambelli-perseguicao-contra-os-conservadores-e-visivel\/","title":{"rendered":"Zambelli: &#8216;Persegui\u00e7\u00e3o contra os conservadores \u00e9 vis\u00edvel&#8217;"},"content":{"rendered":"<p> <script async src=\"https:\/\/pagead2.googlesyndication.com\/pagead\/js\/adsbygoogle.js?client=ca-pub-8864793242727901\"\r\n     crossorigin=\"anonymous\"><\/script><br \/>\n<\/p>\n<div id=\"taboola-read-more\" style=\"display:block; width:100%\">\n<p>Para a deputada federal Carla Zambelli (PL-SP), a persegui\u00e7\u00e3o pol\u00edtica contra os conservadores no Brasil \u201c\u00e9 vis\u00edvel como o Sol do meio-dia\u201d. A congressista teve seu mandato cassado pelo Tribunal Regional Eleitoral de S\u00e3o Paulo nesta quinta-feira, 30.\n<\/p>\n<p>\u201cHoje, o TRE-SP entendeu por anular os votos de 946.244 cidad\u00e3os paulistas e cassar meu mandato de deputada federal\u201d, disse a parlamentar, em nota. \u201cContinuarei a lutar todos os dias de minha vida ao lado de voc\u00eas, para que tenhamos a esperan\u00e7a de um Brasil pr\u00f3spero e digno para o povo brasileiro.\u201d<\/p>\n<p>O suposto crime de Zambelli teria ocorrido na elei\u00e7\u00e3o de 2022, quando a ent\u00e3o candidata teria divulgado \u201cinforma\u00e7\u00f5es inver\u00eddicas\u201d sobre a disputa eleitoral daquele ano e montou uma \u201cteia de desinforma\u00e7\u00e3o\u201d com redes sociais e sites.\n<\/p>\n<p>\u201cN\u00e3o \u00e9 demasiado se reconhecer que as condutas da representada alcan\u00e7aram repercuss\u00e3o e gravidade aptas a influenciar na vontade livre e consciente do eleitor e em preju\u00edzo da isonomia da disputa eleitoral\u201d, argumentou o relator do processo, desembargador Jos\u00e9 Antonio Encinas Manfr\u00e9.\n<\/p>\n<p>\u201cPortanto, realidades justificadoras da cassa\u00e7\u00e3o do diploma de deputada federal e da declara\u00e7\u00e3o de inelegibilidade, san\u00e7\u00f5es a ela impostas por pr\u00e1tica de abuso de poder pol\u00edtico e uso indevido dos meios de comunica\u00e7\u00e3o, em conformidade ao artigo 22, inciso XIV, da Lei Complementar 64\/1990.\u201d\n<\/p>\n<p>A a\u00e7\u00e3o foi movida pela deputada S\u00e2mia Bomfim (Psol-SP). Segundo Zambelli, o partido socialista ser\u00e1 diretamente beneficiado com a cassa\u00e7\u00e3o, pois ser\u00e1 um deputado da legenda que a substituiria na C\u00e2mara.\n<\/p>\n<p>Fonte: Revista Oeste              <\/p>\n<\/div>\n<p><br \/>\n<br \/><a href=\"https:\/\/diariodobrasilnoticias.com.br\/noticia\/zambelli-perseguicao-contra-os-conservadores-e-visivel-679d0b8e9931d\">Source link <\/a><\/p>","protected":false},"excerpt":{"rendered":"<p>Para a deputada federal Carla Zambelli (PL-SP), a persegui\u00e7\u00e3o pol\u00edtica contra os conservadores no Brasil \u201c\u00e9 vis\u00edvel como o Sol do meio-dia\u201d. A congressista teve seu mandato cassado pelo Tribunal&hellip;<\/p>","protected":false},"author":1,"featured_media":97835,"comment_status":"closed","ping_status":"open","sticky":false,"template":"","format":"standard","meta":{"content-type":"","footnotes":""},"categories":[16],"tags":[123,2448,5313,1267],"class_list":["post-97834","post","type-post","status-publish","format-standard","has-post-thumbnail","hentry","category-noticias","tag-brasil","tag-diario","tag-noticia","tag-noticias"],"_links":{"self":[{"href":"https:\/\/tvbrazilusa.com\/pt\/wp-json\/wp\/v2\/posts\/97834","targetHints":{"allow":["GET"]}}],"collection":[{"href":"https:\/\/tvbrazilusa.com\/pt\/wp-json\/wp\/v2\/posts"}],"about":[{"href":"https:\/\/tvbrazilusa.com\/pt\/wp-json\/wp\/v2\/types\/post"}],"author":[{"embeddable":true,"href":"https:\/\/tvbrazilusa.com\/pt\/wp-json\/wp\/v2\/users\/1"}],"replies":[{"embeddable":true,"href":"https:\/\/tvbrazilusa.com\/pt\/wp-json\/wp\/v2\/comments?post=97834"}],"version-history":[{"count":1,"href":"https:\/\/tvbrazilusa.com\/pt\/wp-json\/wp\/v2\/posts\/97834\/revisions"}],"predecessor-version":[{"id":97836,"href":"https:\/\/tvbrazilusa.com\/pt\/wp-json\/wp\/v2\/posts\/97834\/revisions\/97836"}],"wp:featuredmedia":[{"embeddable":true,"href":"https:\/\/tvbrazilusa.com\/pt\/wp-json\/wp\/v2\/media\/97835"}],"wp:attachment":[{"href":"https:\/\/tvbrazilusa.com\/pt\/wp-json\/wp\/v2\/media?parent=97834"}],"wp:term":[{"taxonomy":"category","embeddable":true,"href":"https:\/\/tvbrazilusa.com\/pt\/wp-json\/wp\/v2\/categories?post=97834"},{"taxonomy":"post_tag","embeddable":true,"href":"https:\/\/tvbrazilusa.com\/pt\/wp-json\/wp\/v2\/tags?post=97834"}],"curies":[{"name":"wp","href":"https:\/\/api.w.org\/{rel}","templated":true}]}}