{"id":97845,"date":"2025-01-31T19:51:42","date_gmt":"2025-01-31T19:51:42","guid":{"rendered":"https:\/\/tvbrazilusa.com\/2025\/01\/31\/a-oea-comunica-visita-ao-brasil-para-analisar-a-liberdade-de-expressao\/"},"modified":"2025-01-31T19:51:44","modified_gmt":"2025-01-31T19:51:44","slug":"a-oea-comunica-visita-ao-brasil-para-analisar-a-liberdade-de-expressao","status":"publish","type":"post","link":"https:\/\/tvbrazilusa.com\/pt\/2025\/01\/31\/a-oea-comunica-visita-ao-brasil-para-analisar-a-liberdade-de-expressao\/","title":{"rendered":"A OEA comunica visita ao Brasil para analisar a liberdade de express\u00e3o"},"content":{"rendered":"<p> <script async src=\"https:\/\/pagead2.googlesyndication.com\/pagead\/js\/adsbygoogle.js?client=ca-pub-8864793242727901\"\r\n     crossorigin=\"anonymous\"><\/script><br \/>\n<\/p>\n<div id=\"taboola-read-more\" style=\"display:block; width:100%\">\n<p>A Comiss\u00e3o Interamericana de Direitos Humanos (CIDH) informou nesta quinta-feira, 30, que uma equipe do \u00f3rg\u00e3o, vinculado \u00e0 Organiza\u00e7\u00e3o dos Estados Americanos (OEA), visitar\u00e1 o Brasil no pr\u00f3ximo m\u00eas. O objetivo \u00e9 avaliar a liberdade de express\u00e3o no pa\u00eds.\n<\/p>\n<p>A miss\u00e3o ocorrer\u00e1 entre 9 e 14 de fevereiro. Ser\u00e1 a primeira conduzida pela Relatoria Especial para a Liberdade de Express\u00e3o (SRFOE, na sigla em ingl\u00eas) no territ\u00f3rio brasileiro.<\/p>\n<p>Os representantes da CIDH e da SRFOE passar\u00e3o por Bras\u00edlia, Rio de Janeiro e S\u00e3o Paulo. Durante a visita, manter\u00e3o reuni\u00f5es com integrantes dos Tr\u00eas Poderes. Tamb\u00e9m se reunir\u00e3o com membros do Minist\u00e9rio P\u00fablico, organiza\u00e7\u00f5es de direitos humanos, jornalistas, empresas de m\u00eddia, plataformas digitais e acad\u00eamicos.\n<\/p>\n<p>O comunicado oficial informa que qualquer pessoa pode encaminhar informa\u00e7\u00f5es relacionadas ao tema da visita para o e-mail <a href=\"https:\/\/diariodobrasilnoticias.com.br\/cdn-cgi\/l\/email-protection\" class=\"__cf_email__\" data-cfemail=\"4c2f25282429343c3e293f2523220c232d3f62233e2b\">[email\u00a0protected]<\/a> at\u00e9 21 de fevereiro. O documento tamb\u00e9m destaca o reconhecimento do relator especial pela coopera\u00e7\u00e3o do Brasil. Al\u00e9m disso, ressalta o compromisso do pa\u00eds com o di\u00e1logo internacional sobre a prote\u00e7\u00e3o dos direitos humanos.\n<\/p>\n<p>O \u00f3rg\u00e3o da OEA vem ao Brasil depois de den\u00fancias da direita brasileira em rela\u00e7\u00e3o \u00e0 liberdade de express\u00e3o<br \/>O an\u00fancio da CIDH ocorre em meio a den\u00fancias da direita brasileira sobre restri\u00e7\u00f5es \u00e0 liberdade de express\u00e3o no pa\u00eds. Aliados do ex-presidente Jair Bolsonaro (PL) acusam o Supremo Tribunal Federal (STF), em especial o ministro Alexandre de Moraes, de praticar censura.\n<\/p>\n<p>Em 31 de agosto, Moraes determinou a suspens\u00e3o do Twitter\/X no Brasil. A decis\u00e3o se baseou no descumprimento de ordens judiciais por parte da plataforma. A medida gerou forte rea\u00e7\u00e3o do dono da rede social, Elon Musk. Depois de cr\u00edticas p\u00fablicas, a empresa decidiu cumprir as exig\u00eancias do STF. Pagou as multas aplicadas e retomou as opera\u00e7\u00f5es no pa\u00eds.\n<\/p>\n<p>Fonte: Revista Oeste              <\/p>\n<\/div>\n<p><br \/>\n<br \/><a href=\"https:\/\/diariodobrasilnoticias.com.br\/noticia\/a-oea-comunica-visita-ao-brasil-para-analisar-a-liberdade-de-expressao-679d0c4aa3798\">Source link <\/a><\/p>","protected":false},"excerpt":{"rendered":"<p>A Comiss\u00e3o Interamericana de Direitos Humanos (CIDH) informou nesta quinta-feira, 30, que uma equipe do \u00f3rg\u00e3o, vinculado \u00e0 Organiza\u00e7\u00e3o dos Estados Americanos (OEA), visitar\u00e1 o Brasil no pr\u00f3ximo m\u00eas. O&hellip;<\/p>","protected":false},"author":1,"featured_media":97846,"comment_status":"closed","ping_status":"open","sticky":false,"template":"","format":"standard","meta":{"content-type":"","footnotes":""},"categories":[16],"tags":[123,2448,5313,1267],"class_list":["post-97845","post","type-post","status-publish","format-standard","has-post-thumbnail","hentry","category-noticias","tag-brasil","tag-diario","tag-noticia","tag-noticias"],"_links":{"self":[{"href":"https:\/\/tvbrazilusa.com\/pt\/wp-json\/wp\/v2\/posts\/97845","targetHints":{"allow":["GET"]}}],"collection":[{"href":"https:\/\/tvbrazilusa.com\/pt\/wp-json\/wp\/v2\/posts"}],"about":[{"href":"https:\/\/tvbrazilusa.com\/pt\/wp-json\/wp\/v2\/types\/post"}],"author":[{"embeddable":true,"href":"https:\/\/tvbrazilusa.com\/pt\/wp-json\/wp\/v2\/users\/1"}],"replies":[{"embeddable":true,"href":"https:\/\/tvbrazilusa.com\/pt\/wp-json\/wp\/v2\/comments?post=97845"}],"version-history":[{"count":1,"href":"https:\/\/tvbrazilusa.com\/pt\/wp-json\/wp\/v2\/posts\/97845\/revisions"}],"predecessor-version":[{"id":97847,"href":"https:\/\/tvbrazilusa.com\/pt\/wp-json\/wp\/v2\/posts\/97845\/revisions\/97847"}],"wp:featuredmedia":[{"embeddable":true,"href":"https:\/\/tvbrazilusa.com\/pt\/wp-json\/wp\/v2\/media\/97846"}],"wp:attachment":[{"href":"https:\/\/tvbrazilusa.com\/pt\/wp-json\/wp\/v2\/media?parent=97845"}],"wp:term":[{"taxonomy":"category","embeddable":true,"href":"https:\/\/tvbrazilusa.com\/pt\/wp-json\/wp\/v2\/categories?post=97845"},{"taxonomy":"post_tag","embeddable":true,"href":"https:\/\/tvbrazilusa.com\/pt\/wp-json\/wp\/v2\/tags?post=97845"}],"curies":[{"name":"wp","href":"https:\/\/api.w.org\/{rel}","templated":true}]}}