{"id":97851,"date":"2025-01-31T20:15:57","date_gmt":"2025-01-31T20:15:57","guid":{"rendered":"https:\/\/tvbrazilusa.com\/2025\/01\/31\/presidente-dos-correios-tenta-se-sair-do-problema-jogando-a-culpa-para-terceiros\/"},"modified":"2025-01-31T20:15:58","modified_gmt":"2025-01-31T20:15:58","slug":"presidente-dos-correios-tenta-se-sair-do-problema-jogando-a-culpa-para-terceiros","status":"publish","type":"post","link":"https:\/\/tvbrazilusa.com\/pt\/2025\/01\/31\/presidente-dos-correios-tenta-se-sair-do-problema-jogando-a-culpa-para-terceiros\/","title":{"rendered":"Presidente dos correios tenta se sair do problema jogando a culpa para terceiros"},"content":{"rendered":"<p> <script async src=\"https:\/\/pagead2.googlesyndication.com\/pagead\/js\/adsbygoogle.js?client=ca-pub-8864793242727901\"\r\n     crossorigin=\"anonymous\"><\/script><br \/>\n<\/p>\n<div id=\"taboola-read-more\" style=\"display:block; width:100%\">\n<p>O presidente dos Correios, Fabiano Silva dos Santos, atribuiu nesta sexta-feira (31\/1) o d\u00e9ficit de R$ 3,2 bilh\u00f5es da estatal em 2024 \u00e0 taxa\u00e7\u00e3o das compras internacionais, \u00e0 tentativa de privatiza\u00e7\u00e3o da empresa e ao pagamento dos precat\u00f3rios (requisi\u00e7\u00f5es de pagamento de d\u00edvidas expedidas ap\u00f3s condena\u00e7\u00e3o judicial definitiva). O resultado foi o pior entre todas as empresas estatais do governo.\n<\/p>\n<p>\u201cEsse resultado que foi divulgado se refere a um contexto espec\u00edfico que foi a regulamenta\u00e7\u00e3o, o compliance que foi dado \u00e0s compras internacionais. Isso teve um impacto significativo na nossa empresa. E tamb\u00e9m [se deve] a precat\u00f3rios, que s\u00e3o frutos de gest\u00f5es anteriores e que hoje est\u00e3o contabilizadas no nosso resultado\u201d, disse o chefe dos Correios.<\/p>\n<p>\u201cA empresa est\u00e1 em um processo franco de recupera\u00e7\u00e3o\u201d, completou ele.\n<\/p>\n<p>Santos se reuniu na manh\u00e3 desta sexta com o presidente Luiz In\u00e1cio Lula da Silva (PT) para debater a situa\u00e7\u00e3o da estatal, que registrou um d\u00e9ficit de R$ 3,2 bilh\u00f5es em 2024. Tamb\u00e9m participaram da reuni\u00e3o a ministra da Gest\u00e3o e Inova\u00e7\u00e3o, Esther Dweck, e a secret\u00e1ria-executiva da Casa Civil, Miriam Belchior.\n<\/p>\n<p>Entenda a situa\u00e7\u00e3o dos Correios<br \/>Em 2024, os Correios responderam pela maior parte do d\u00e9ficit geral das empresas estatais, com resultado negativo em R$ 3,2 bilh\u00f5es.<br \/>Apesar do rombo, a quebra de monop\u00f3lio estatal ou a desestatiza\u00e7\u00e3o da empresa n\u00e3o est\u00e3o em debate no governo Lula (PT).<br \/>Al\u00e9m do d\u00e9ficit, a empresa tamb\u00e9m deve encerrar 2024 com preju\u00edzo. Segundo balan\u00e7o do 3\u00ba trimestre do ano passado, o preju\u00edzo estava em R$ 2,1 bilh\u00f5es.<br \/>Governo debate alternativas de aumento de receitas, como projetos j\u00e1 estavam em debate e foram sendo abandonados. \u00c9 o caso, por exemplo, de parcerias com empresas privadas de market place que foram encerrados e est\u00e3o sendo retomados.\n<\/p>\n<p>No governo Jair Bolsonaro (PL), os Correios foram inclu\u00eddos no Plano Nacional de Desestatiza\u00e7\u00e3o (PND). A decis\u00e3o foi revertida em 2023.\n<\/p>\n<p>\u201cQuando uma empresa \u00e9 sucateada como ela foi para ser vendida, a gente tem um trabalho grande recuperar essa empresa\u201d, disse ele.\n<\/p>\n<p>Fabiano Santos ainda disse que o presidente Lula cobrou a apresenta\u00e7\u00e3o do plano de reestrutura\u00e7\u00e3o dos Correios. \u201cEsse plano j\u00e1 est\u00e1 em andamento\u201d, afirmou.\n<\/p>\n<p>Ele destacou que os Correios t\u00eam import\u00e2ncia estrat\u00e9gica para o pa\u00eds, presente no interior, e disse que a empresa trabalha para ter sustentabilidade, com objetivo de ter um cen\u00e1rio lucrativo ainda em 2025.\n<\/p>\n<p>A ministra Esther Dweck destacou que a empresa est\u00e1 mudando para se tornar uma empresa de log\u00edstica nacional. \u201cObviamente, isso gera necessidade de investimento do parque tecnol\u00f3gico deles\u201d, argumentou.\n<\/p>\n<p>O governo sustenta que o investimento das estatais federais cresceu 44,1% em 2024 na compara\u00e7\u00e3o com 2023, o que justifica parte do d\u00e9ficit registrado por elas no ano passado.\n<\/p>\n<p>Fonte: Metr\u00f3poles              <\/p>\n<\/div>\n<p><br \/>\n<br \/><a href=\"https:\/\/diariodobrasilnoticias.com.br\/noticia\/presidente-dos-correios-tenta-se-sair-do-problema-jogando-a-culpa-para-terceiros-679d15c39095d\">Source link <\/a><\/p>","protected":false},"excerpt":{"rendered":"<p>O presidente dos Correios, Fabiano Silva dos Santos, atribuiu nesta sexta-feira (31\/1) o d\u00e9ficit de R$ 3,2 bilh\u00f5es da estatal em 2024 \u00e0 taxa\u00e7\u00e3o das compras internacionais, \u00e0 tentativa de&hellip;<\/p>","protected":false},"author":1,"featured_media":97852,"comment_status":"closed","ping_status":"open","sticky":false,"template":"","format":"standard","meta":{"content-type":"","footnotes":""},"categories":[16],"tags":[123,2448,5313,1267],"class_list":["post-97851","post","type-post","status-publish","format-standard","has-post-thumbnail","hentry","category-noticias","tag-brasil","tag-diario","tag-noticia","tag-noticias"],"_links":{"self":[{"href":"https:\/\/tvbrazilusa.com\/pt\/wp-json\/wp\/v2\/posts\/97851","targetHints":{"allow":["GET"]}}],"collection":[{"href":"https:\/\/tvbrazilusa.com\/pt\/wp-json\/wp\/v2\/posts"}],"about":[{"href":"https:\/\/tvbrazilusa.com\/pt\/wp-json\/wp\/v2\/types\/post"}],"author":[{"embeddable":true,"href":"https:\/\/tvbrazilusa.com\/pt\/wp-json\/wp\/v2\/users\/1"}],"replies":[{"embeddable":true,"href":"https:\/\/tvbrazilusa.com\/pt\/wp-json\/wp\/v2\/comments?post=97851"}],"version-history":[{"count":1,"href":"https:\/\/tvbrazilusa.com\/pt\/wp-json\/wp\/v2\/posts\/97851\/revisions"}],"predecessor-version":[{"id":97853,"href":"https:\/\/tvbrazilusa.com\/pt\/wp-json\/wp\/v2\/posts\/97851\/revisions\/97853"}],"wp:featuredmedia":[{"embeddable":true,"href":"https:\/\/tvbrazilusa.com\/pt\/wp-json\/wp\/v2\/media\/97852"}],"wp:attachment":[{"href":"https:\/\/tvbrazilusa.com\/pt\/wp-json\/wp\/v2\/media?parent=97851"}],"wp:term":[{"taxonomy":"category","embeddable":true,"href":"https:\/\/tvbrazilusa.com\/pt\/wp-json\/wp\/v2\/categories?post=97851"},{"taxonomy":"post_tag","embeddable":true,"href":"https:\/\/tvbrazilusa.com\/pt\/wp-json\/wp\/v2\/tags?post=97851"}],"curies":[{"name":"wp","href":"https:\/\/api.w.org\/{rel}","templated":true}]}}