{"id":97854,"date":"2025-01-31T20:29:41","date_gmt":"2025-01-31T20:29:41","guid":{"rendered":"https:\/\/tvbrazilusa.com\/2025\/01\/31\/lula-na-festa-do-pt-no-rio\/"},"modified":"2025-01-31T20:29:43","modified_gmt":"2025-01-31T20:29:43","slug":"lula-na-festa-do-pt-no-rio","status":"publish","type":"post","link":"https:\/\/tvbrazilusa.com\/pt\/2025\/01\/31\/lula-na-festa-do-pt-no-rio\/","title":{"rendered":"Lula na festa do PT no Rio"},"content":{"rendered":"<p> <script async src=\"https:\/\/pagead2.googlesyndication.com\/pagead\/js\/adsbygoogle.js?client=ca-pub-8864793242727901\"\r\n     crossorigin=\"anonymous\"><\/script><br \/>\n<\/p>\n<div id=\"taboola-read-more\" style=\"display:block; width:100%\">\n<p>O presidente Lula, j\u00e1 recuperado da les\u00e3o causada por uma queda em setembro de 2024, deve participar da festa de anivers\u00e1rio de 45 anos do PT, marcada para acontecer no Rio de Janeiro, nos pr\u00f3ximos dias 21 e 22 de fevereiro.\n<\/p>\n<p>Um comunicado do PT, ao qual a coluna teve acesso, diz que o chefe do Pal\u00e1cio do Planalto confirmou presen\u00e7a do evento, que vai ter como slogan \u201cRa\u00edzes no Povo,Olhos no Futuro\u201d.<\/p>\n<p>Auxiliares de Lula afirmam que o presidente deve \u201cpassar no evento\u201d porque vai estar no Rio de Janeiro para uma agenda na Petrobr\u00e1s.\n<\/p>\n<p>Como a coluna noticiou, o mega a festa ser\u00e1 realizado no Armaz\u00e9m da Utopia, localizado no bairro da Gamboa, na Zona Central da capital fluminense.\n<\/p>\n<p>De acordo com legenda, a ideia \u00e9 que o anivers\u00e1rio seja um momento de debates relevantes, cultura, gastronomia e uma grande festa popular.\n<\/p>\n<p>No primeiro dia, ser\u00e3o realizados debates com temas relacionados ao futuro do partido. J\u00e1 as atividades do dia 22 de fevereiro ser\u00e3o destinadas a eventos culturais, feira gastron\u00f4mica, apresenta\u00e7\u00f5es art\u00edsticas, rodas de samba e shows musicais de artistas populares.\n<\/p>\n<p>Fonte: Metr\u00f3poles              <\/p>\n<\/div>\n<p><br \/>\n<br \/><a href=\"https:\/\/diariodobrasilnoticias.com.br\/noticia\/lula-na-festa-do-pt-no-rio-679d1ae4a2b9d\">Source link <\/a><\/p>","protected":false},"excerpt":{"rendered":"<p>O presidente Lula, j\u00e1 recuperado da les\u00e3o causada por uma queda em setembro de 2024, deve participar da festa de anivers\u00e1rio de 45 anos do PT, marcada para acontecer no&hellip;<\/p>","protected":false},"author":1,"featured_media":97855,"comment_status":"closed","ping_status":"open","sticky":false,"template":"","format":"standard","meta":{"content-type":"","footnotes":""},"categories":[16],"tags":[123,2448,5313,1267],"class_list":["post-97854","post","type-post","status-publish","format-standard","has-post-thumbnail","hentry","category-noticias","tag-brasil","tag-diario","tag-noticia","tag-noticias"],"_links":{"self":[{"href":"https:\/\/tvbrazilusa.com\/pt\/wp-json\/wp\/v2\/posts\/97854","targetHints":{"allow":["GET"]}}],"collection":[{"href":"https:\/\/tvbrazilusa.com\/pt\/wp-json\/wp\/v2\/posts"}],"about":[{"href":"https:\/\/tvbrazilusa.com\/pt\/wp-json\/wp\/v2\/types\/post"}],"author":[{"embeddable":true,"href":"https:\/\/tvbrazilusa.com\/pt\/wp-json\/wp\/v2\/users\/1"}],"replies":[{"embeddable":true,"href":"https:\/\/tvbrazilusa.com\/pt\/wp-json\/wp\/v2\/comments?post=97854"}],"version-history":[{"count":1,"href":"https:\/\/tvbrazilusa.com\/pt\/wp-json\/wp\/v2\/posts\/97854\/revisions"}],"predecessor-version":[{"id":97856,"href":"https:\/\/tvbrazilusa.com\/pt\/wp-json\/wp\/v2\/posts\/97854\/revisions\/97856"}],"wp:featuredmedia":[{"embeddable":true,"href":"https:\/\/tvbrazilusa.com\/pt\/wp-json\/wp\/v2\/media\/97855"}],"wp:attachment":[{"href":"https:\/\/tvbrazilusa.com\/pt\/wp-json\/wp\/v2\/media?parent=97854"}],"wp:term":[{"taxonomy":"category","embeddable":true,"href":"https:\/\/tvbrazilusa.com\/pt\/wp-json\/wp\/v2\/categories?post=97854"},{"taxonomy":"post_tag","embeddable":true,"href":"https:\/\/tvbrazilusa.com\/pt\/wp-json\/wp\/v2\/tags?post=97854"}],"curies":[{"name":"wp","href":"https:\/\/api.w.org\/{rel}","templated":true}]}}