{"id":97857,"date":"2025-01-31T20:46:43","date_gmt":"2025-01-31T20:46:43","guid":{"rendered":"https:\/\/tvbrazilusa.com\/2025\/01\/31\/bomba-mudar-aposentadoria-de-militares-esta-nas-prioridades-de-lula-em-2025\/"},"modified":"2025-01-31T20:46:44","modified_gmt":"2025-01-31T20:46:44","slug":"bomba-mudar-aposentadoria-de-militares-esta-nas-prioridades-de-lula-em-2025","status":"publish","type":"post","link":"https:\/\/tvbrazilusa.com\/pt\/2025\/01\/31\/bomba-mudar-aposentadoria-de-militares-esta-nas-prioridades-de-lula-em-2025\/","title":{"rendered":"BOMBA: Mudar aposentadoria de militares est\u00e1 nas prioridades de Lula em 2025"},"content":{"rendered":"<p> <script async src=\"https:\/\/pagead2.googlesyndication.com\/pagead\/js\/adsbygoogle.js?client=ca-pub-8864793242727901\"\r\n     crossorigin=\"anonymous\"><\/script><br \/>\n<\/p>\n<div id=\"taboola-read-more\" style=\"display:block; width:100%\">\n<p>L\u00edder do governo Lula na C\u00e2mara, Jos\u00e9 Guimar\u00e3es (PT-CE) afirmou que a reforma da aposentadoria de militares \u00e9 um dos tr\u00eas pilares da agenda legislativa do Planalto neste ano. O deputado afirmou que o projeto para diminuir os privil\u00e9gios dos fardados junto \u00e0 Previd\u00eancia deve ser enviado ap\u00f3s as elei\u00e7\u00f5es internas no Congresso e a aprova\u00e7\u00e3o do or\u00e7amento de 2025.\n<\/p>\n<p>\u201cTemos tr\u00eas prioridades. A isen\u00e7\u00e3o do imposto de renda para quem ganha at\u00e9 R$ 5 mil, o projeto de reforma da renda dos militares e a PEC do 6 x1. Esse \u00faltimo tema \u00e9 mais uma posi\u00e7\u00e3o pessoal minha, lutarei por isso. Os dois primeiros completam o anunciado como o novo pacote fiscal\u201d, afirmou Guimar\u00e3es \u00e0 coluna.<\/p>\n<p>A reforma da aposentadoria dos militares faz parte do pacote de corte de gastos enviado pelo governo Lula em 2024. O Congresso, por\u00e9m, aprovou apenas os projetos com alto custo de popularidade para o presidente Lula, como o endurecimento das regras para entrada no Benef\u00edcio de Presta\u00e7\u00e3o Continuada (BPC).\n<\/p>\n<p>O governo espera que o corte dos privil\u00e9gios dos militares tenha apelo popular e seja aprovado sem maiores problemas no Congresso. A expectativa \u00e9 que a bancada militar no Legislativo n\u00e3o seja acompanhada pelo centr\u00e3o na defesa das atuais regras dos fardados.\n<\/p>\n<p>Hoje, um militar se aposenta com 35 anos de servi\u00e7o. De acordo com a proposta desenhada pelo governo, haver\u00e1 uma idade m\u00ednima de 55 anos. Essa nova regra passaria a valer em 2032.\n<\/p>\n<p>O projeto, por\u00e9m, causou alvoro\u00e7o nas For\u00e7as Armadas. No ano passado, a Marinha chegou a divulgar um v\u00eddeo questionando o discurso de que os militares possuem privil\u00e9gios. O material foi objeto de discuss\u00e3o posterior entre Lula e o comandante Marcos Sampaio Olsen.\n<\/p>\n<p>Fonte: Metr\u00f3poles              <\/p>\n<\/div>\n<p><br \/>\n<br \/><a href=\"https:\/\/diariodobrasilnoticias.com.br\/noticia\/bomba-mudar-aposentadoria-de-militares-esta-nas-prioridades-de-lula-em-2025-679d1f6317e15\">Source link <\/a><\/p>","protected":false},"excerpt":{"rendered":"<p>L\u00edder do governo Lula na C\u00e2mara, Jos\u00e9 Guimar\u00e3es (PT-CE) afirmou que a reforma da aposentadoria de militares \u00e9 um dos tr\u00eas pilares da agenda legislativa do Planalto neste ano. O&hellip;<\/p>","protected":false},"author":1,"featured_media":97858,"comment_status":"closed","ping_status":"open","sticky":false,"template":"","format":"standard","meta":{"content-type":"","footnotes":""},"categories":[16],"tags":[123,2448,5313,1267],"class_list":["post-97857","post","type-post","status-publish","format-standard","has-post-thumbnail","hentry","category-noticias","tag-brasil","tag-diario","tag-noticia","tag-noticias"],"_links":{"self":[{"href":"https:\/\/tvbrazilusa.com\/pt\/wp-json\/wp\/v2\/posts\/97857","targetHints":{"allow":["GET"]}}],"collection":[{"href":"https:\/\/tvbrazilusa.com\/pt\/wp-json\/wp\/v2\/posts"}],"about":[{"href":"https:\/\/tvbrazilusa.com\/pt\/wp-json\/wp\/v2\/types\/post"}],"author":[{"embeddable":true,"href":"https:\/\/tvbrazilusa.com\/pt\/wp-json\/wp\/v2\/users\/1"}],"replies":[{"embeddable":true,"href":"https:\/\/tvbrazilusa.com\/pt\/wp-json\/wp\/v2\/comments?post=97857"}],"version-history":[{"count":1,"href":"https:\/\/tvbrazilusa.com\/pt\/wp-json\/wp\/v2\/posts\/97857\/revisions"}],"predecessor-version":[{"id":97859,"href":"https:\/\/tvbrazilusa.com\/pt\/wp-json\/wp\/v2\/posts\/97857\/revisions\/97859"}],"wp:featuredmedia":[{"embeddable":true,"href":"https:\/\/tvbrazilusa.com\/pt\/wp-json\/wp\/v2\/media\/97858"}],"wp:attachment":[{"href":"https:\/\/tvbrazilusa.com\/pt\/wp-json\/wp\/v2\/media?parent=97857"}],"wp:term":[{"taxonomy":"category","embeddable":true,"href":"https:\/\/tvbrazilusa.com\/pt\/wp-json\/wp\/v2\/categories?post=97857"},{"taxonomy":"post_tag","embeddable":true,"href":"https:\/\/tvbrazilusa.com\/pt\/wp-json\/wp\/v2\/tags?post=97857"}],"curies":[{"name":"wp","href":"https:\/\/api.w.org\/{rel}","templated":true}]}}